{"id":11923,"date":"2017-11-25T08:36:31","date_gmt":"2017-11-25T07:36:31","guid":{"rendered":"http:\/\/www.messinaoggi.it\/website\/?p=11923"},"modified":"2017-11-25T08:36:31","modified_gmt":"2017-11-25T07:36:31","slug":"eccellenza-oggi-a-mili-il-derby-pistunina-citta-di-messina","status":"publish","type":"post","link":"https:\/\/www.messinaoggi.it\/website\/2017\/11\/25\/eccellenza-oggi-a-mili-il-derby-pistunina-citta-di-messina\/","title":{"rendered":"Eccellenza, oggi a Mili il derby Pistunina-Citt\u00e0 di Messina"},"content":{"rendered":"<p style=\"text-align: justify\">Il rientro tra i convocati di Simone D&#8217;Angelo &#8211; perfettamente ristabilitosi dalla\u00a0fattura scomposta ma non sovrapposta\u00a0della clavicola riportata lo scorso 8 ottobre a Ragusa\u00a0&#8211;\u00a0\u00a0\u00e8 la novit\u00e0 pi\u00f9 importante in casa del Pistunina che, nell&#8217;odierno anticipo, ospiter\u00e0 il Citt\u00e0 di Messina nella 12^giornata del girone B di Eccellenza. L&#8217;atteso derby messinese, altra novit\u00e0 infrasettimanale si disputer\u00e0 al &#8220;Garden Sport&#8221; che d&#8217;ora in avanti sar\u00e0 la dimora casalinga dei rossoneri\u00a0 (le prossime partite casalinghe\u00a0saranno disputate di domenica in orario ufficiale,\u00a0 per la stagione invernale\u00a0ore 14,30)\u00a0che lasciano, a quanto pare in modo definitivo, il &#8220;Franco Scoglio&#8221; inizialmente\u00a0concesso dall&#8217;amministrazione comunale come dimora casalinga.<div id=\"div-gpt-ad-Messinaoggi.it-DSK-300x250-corpoart\" style=\"text-align:center;margin:0 auto;\"><\/div><\/p>\n<p style=\"text-align: justify\">In questa decisione dell&#8217;Usd Pistunina non si esclude un nesso con le vicende impiantistiche dell&#8217;Acr Messina, in attesa di\u00a0trasferirsi definitivamente nella prossima stagione\u00a0-anche per le gare casalinghe &#8211;\u00a0al &#8220;Messina Sud&#8221;.\u00a0Per\u00a0il campo grande\u00a0della struttura di\u00a0S.Margherita, gi\u00e0 utilizzato per gli allenamenti,\u00a0il presidente dei &#8220;leoni&#8221; Salvatore Velardo &#8211; d&#8217;accordo con il padrone di casa e cugino Lillo Trimarchi &#8211;\u00a0 ha gi\u00e0 anticipato il progetto di inerbare di nuovo il fondo campo in vista dell&#8217;avvio della stagione 2018\/19.<br \/>\nTornando al calcio giocato, nelle file del Pistunina rientra anche Sylla reduce da squalifica, mentre nella circostanza il tecnico Ezio raciti ha preferito convocare anche il terzo portiere Privitera, in aggiunta ai riconfermati Vitale e Fazio. Rispetto alle scorse settimane non sono stati selezionati i giovani\u00a0Gaetano D&#8217;Arrigo e Antonino Raciti. Il tutto senza dimenticare lo squalificato Pa&#8217; Keita, il quale sta scontando la terza della 6 giornate di squalifica susseguenti al match di Giarre del 1\u00b0 novembre scorso, in attesa di sapere se la Figc regionale accoglier\u00e0 o meno il reclamo del club peloritano (pare che la Commissione Disciplinare lo discuter\u00e0 marted\u00ec pomeriggio) teso a ottenere una riduzione della sanzione.<br \/>\nA dimostrazione dell&#8217;importanza attribuita dalla Figc a questo derby,\u00a0Pistunina-Citt\u00e0 di Messina \u00e8 stata affidata addirittura a un arbitro della C.A.I. proveniente addirittura dalla Lombardia, Ernesto Pinchetti della sezione di Sesto S.Giovanni. Assistenti gli acesi Pietro Anile e Massimo Falzone.<div id=\"videoincontent\" style=\"clear:both\";><\/div><\/p>\n<p><strong>Nella foto di Roberto Santoro, il difensore del Pistunina Simone D&#8217;Angelo<\/strong><\/p>\n<p style=\"text-align: justify\">\n","protected":false},"excerpt":{"rendered":"<p>Il rientro tra i convocati di Simone D&#8217;Angelo &#8211; perfettamente ristabilitosi dalla\u00a0fattura scomposta ma non sovrapposta\u00a0della clavicola riportata lo scorso 8 ottobre a Ragusa\u00a0&#8211;\u00a0\u00a0\u00e8 la novit\u00e0 pi\u00f9 importante in casa del Pistunina che, nell&#8217;odierno anticipo, ospiter\u00e0 il Citt\u00e0 di Messina nella 12^giornata del girone B di Eccellenza. L&#8217;atteso derby messinese, altra novit\u00e0 infrasettimanale si disputer\u00e0 [&hellip;]<\/p>\n","protected":false},"author":9,"featured_media":9302,"comment_status":"closed","ping_status":"open","sticky":false,"template":"","format":"standard","meta":{"ub_ctt_via":"","_mi_skip_tracking":false},"categories":[10,9],"tags":[],"featured_image_src":"https:\/\/www.messinaoggi.it\/website\/wp-content\/uploads\/2017\/10\/DAngelo-Simone.jpg","author_info":{"display_name":"Roberto Santoro","author_link":"https:\/\/www.messinaoggi.it\/website\/author\/r-santoro\/"},"digistream_id":0,"digistream":false,"_links":{"self":[{"href":"https:\/\/www.messinaoggi.it\/website\/wp-json\/wp\/v2\/posts\/11923"}],"collection":[{"href":"https:\/\/www.messinaoggi.it\/website\/wp-json\/wp\/v2\/posts"}],"about":[{"href":"https:\/\/www.messinaoggi.it\/website\/wp-json\/wp\/v2\/types\/post"}],"author":[{"embeddable":true,"href":"https:\/\/www.messinaoggi.it\/website\/wp-json\/wp\/v2\/users\/9"}],"replies":[{"embeddable":true,"href":"https:\/\/www.messinaoggi.it\/website\/wp-json\/wp\/v2\/comments?post=11923"}],"version-history":[{"count":0,"href":"https:\/\/www.messinaoggi.it\/website\/wp-json\/wp\/v2\/posts\/11923\/revisions"}],"wp:featuredmedia":[{"embeddable":true,"href":"https:\/\/www.messinaoggi.it\/website\/wp-json\/wp\/v2\/media\/9302"}],"wp:attachment":[{"href":"https:\/\/www.messinaoggi.it\/website\/wp-json\/wp\/v2\/media?parent=11923"}],"wp:term":[{"taxonomy":"category","embeddable":true,"href":"https:\/\/www.messinaoggi.it\/website\/wp-json\/wp\/v2\/categories?post=11923"},{"taxonomy":"post_tag","embeddable":true,"href":"https:\/\/www.messinaoggi.it\/website\/wp-json\/wp\/v2\/tags?post=11923"}],"curies":[{"name":"wp","href":"https:\/\/api.w.org\/{rel}","templated":true}]}}