{"id":119212,"date":"2022-08-26T15:07:56","date_gmt":"2022-08-26T13:07:56","guid":{"rendered":"https:\/\/www.messinaoggi.it\/website\/2022\/08\/26\/pioli-milan-in-champions-con-entusiasmo-e-convinzione\/"},"modified":"2022-08-26T15:07:56","modified_gmt":"2022-08-26T13:07:56","slug":"pioli-milan-in-champions-con-entusiasmo-e-convinzione","status":"publish","type":"post","link":"https:\/\/www.messinaoggi.it\/website\/2022\/08\/26\/pioli-milan-in-champions-con-entusiasmo-e-convinzione\/","title":{"rendered":"Pioli \u201cMilan in Champions con entusiasmo e convinzione\u201d"},"content":{"rendered":"<div>MILANO (ITALPRESS) &#8211; &#8220;De Ketelaere titolare? Mi fido di lui perch\u00e8 ha grande potenziale, pu\u00f2 essere pronto a partire dall&#8217;inizio. Gli serve tempo ma mi ha sorpreso per l&#8217;intelligenza e curiosit\u00e0 nel capire i movimenti e i metodi di lavoro. In quel ruolo ho tante possibilit\u00e0 di scelta, vedremo di partita in partita&#8221;. Lo ha detto il tecnico del Milan, Stefano Pioli, alla vigilia della sfida del &#8216;Meazz\u00e0 contro il Bologna. &#8220;Non abbiamo affrontato l&#8217;Atalanta con superficialit\u00e0, ma con determinazione e coraggio &#8211; ha aggiunto il mister rossonero in conferenza stampa &#8211; Siamo entrati nella storia con lo scudetto, ma vogliamo scrivere altre pagine. Domani sar\u00e0 una partita difficile contro un avversario che ci metter\u00e0 in difficolt\u00e0. Dobbiamo unire la vittoria al giocare bene&#8221;. Contro i felsinei avranno una maglia da titolare uno tra Origi e Giroud: &#8220;E&#8217; il momento di spingere, arrivano gli appuntamenti importanti. Kjaer? Sta meglio, \u00e8 un titolare del Milan e presto torner\u00e0&#8221;. Per quanto riguarda il sorteggio della Champions, Pioli ha ammesso che &#8220;\u00e8 tutt&#8217;altro girone rispetto allo scorso anno, ma la Champions pretende che tu debba essere al massimo con qualunque squadra. Non bisogna sottovalutare nessuno, il Real Madrid che ha vinto l&#8217;ultima Champions ha perso in casa contro lo Sheriff e noi non siamo ancora il Real&#8230; La affronteremo con entusiasmo e convinzione, per dimostrare che l&#8217;esperienza dell&#8217;anno scorso ci ha fatto aumentare il livello&#8221;. Tra le rivali dei campioni d&#8217;Italia ci sar\u00e0 il Chelsea, che alcuni rumors di mercato vogliono interessato a Leao: &#8220;Deve continuare a pensare di migliorare, \u00e8 sempre motivato e volenteroso. Non sto allenando un giocatore che penso di perdere, anche perch\u00e8 i suoi atteggiamenti vanno in tutt&#8217;altra direzione&#8221;, ha tagliato corto Pioli.<br \/>&#8211; foto LivePhotoSport &#8211; <br \/>(ITALPRESS).<\/div>\n<div id=\"div-gpt-ad-Messinaoggi.it-DSK-300x250-corpoart\" style=\"text-align:center;margin:0 auto;\"><\/div><\/p><div id=\"videoincontent\" style=\"clear:both\";><\/div>","protected":false},"excerpt":{"rendered":"<p>MILANO (ITALPRESS) &#8211; &#8220;De Ketelaere titolare? Mi fido di lui perch\u00e8 ha grande potenziale, pu\u00f2 essere pronto a partire dall&#8217;inizio. Gli serve tempo ma mi ha sorpreso per l&#8217;intelligenza e curiosit\u00e0 nel capire i movimenti e i metodi di lavoro. In quel ruolo ho tante possibilit\u00e0 di scelta, vedremo di partita in partita&#8221;. Lo ha [&hellip;]<\/p>\n","protected":false},"author":18,"featured_media":119213,"comment_status":"closed","ping_status":"closed","sticky":false,"template":"","format":"standard","meta":{"ub_ctt_via":"","_mi_skip_tracking":false},"categories":[446],"tags":[783],"featured_image_src":"https:\/\/www.messinaoggi.it\/website\/wp-content\/uploads\/2022\/08\/20220826_0839.jpg","author_info":{"display_name":"Admin","author_link":"https:\/\/www.messinaoggi.it\/website\/author\/admin\/"},"digistream_id":0,"digistream":false,"_links":{"self":[{"href":"https:\/\/www.messinaoggi.it\/website\/wp-json\/wp\/v2\/posts\/119212"}],"collection":[{"href":"https:\/\/www.messinaoggi.it\/website\/wp-json\/wp\/v2\/posts"}],"about":[{"href":"https:\/\/www.messinaoggi.it\/website\/wp-json\/wp\/v2\/types\/post"}],"author":[{"embeddable":true,"href":"https:\/\/www.messinaoggi.it\/website\/wp-json\/wp\/v2\/users\/18"}],"replies":[{"embeddable":true,"href":"https:\/\/www.messinaoggi.it\/website\/wp-json\/wp\/v2\/comments?post=119212"}],"version-history":[{"count":0,"href":"https:\/\/www.messinaoggi.it\/website\/wp-json\/wp\/v2\/posts\/119212\/revisions"}],"wp:featuredmedia":[{"embeddable":true,"href":"https:\/\/www.messinaoggi.it\/website\/wp-json\/wp\/v2\/media\/119213"}],"wp:attachment":[{"href":"https:\/\/www.messinaoggi.it\/website\/wp-json\/wp\/v2\/media?parent=119212"}],"wp:term":[{"taxonomy":"category","embeddable":true,"href":"https:\/\/www.messinaoggi.it\/website\/wp-json\/wp\/v2\/categories?post=119212"},{"taxonomy":"post_tag","embeddable":true,"href":"https:\/\/www.messinaoggi.it\/website\/wp-json\/wp\/v2\/tags?post=119212"}],"curies":[{"name":"wp","href":"https:\/\/api.w.org\/{rel}","templated":true}]}}