{"id":119210,"date":"2022-08-26T15:07:54","date_gmt":"2022-08-26T13:07:54","guid":{"rendered":"https:\/\/www.messinaoggi.it\/website\/2022\/08\/26\/allegri-con-la-roma-gara-tosta-bello-rivedere-dybala\/"},"modified":"2022-08-26T15:07:54","modified_gmt":"2022-08-26T13:07:54","slug":"allegri-con-la-roma-gara-tosta-bello-rivedere-dybala","status":"publish","type":"post","link":"https:\/\/www.messinaoggi.it\/website\/2022\/08\/26\/allegri-con-la-roma-gara-tosta-bello-rivedere-dybala\/","title":{"rendered":"Allegri \u201cCon la Roma gara tosta, bello rivedere Dybala\u201d"},"content":{"rendered":"<div>TORINO (ITALPRESS) &#8211; &#8220;La Roma \u00e8 una squadra tosta, sar\u00e0 bello rivedere Dybala. Bonucci \u00e8 out, Szczesny \u00e8 a disposizione. Milik ha grandi numeri, su Paredes vediamo prima se arriva&#8221;. Massimiliano Allegri ha fatto il punto in vista della gara di domani di campionato all&#8217;Allianz Stadium contro i giallorossi. &#8220;Domani \u00e8 il primo scontro diretto, contro una Roma che ha iniziato bene la stagione e che sta riprendendo da dove aveva concluso la passata annata. Mourinho sta facendo un grande lavoro: non hanno subito ancora gol. Sar\u00e0 una partita tosta ed equilibrata. Con la Samp abbiamo fatto un brutto primo tempo ma le partite durano 95 minuti. Io mi sono arrabbiato perch\u00e8 nella ripresa la Samp era stanca e noi dovevamo &#8216;azzannarl\u00e0. Nel secondo tempo dovevamo vincerla&#8221;, ha detto Allegri. &#8220;Con Dybala abbiamo passato anni straordinari. Ci ha fatto divertire con le sue giocate: domani sar\u00e0 nostro avversario ma sar\u00e0 un piacere rivederlo&#8221;, ha aggiunto l&#8217;allenatore della Juve.<br \/>&#8220;Bonucci non sar\u00e0 convocato, perch\u00e8 non sta ancora bene. Szczesny \u00e8 a disposizione e potrebbe giocare dal primo minuto. Sui tempi di recupero di Chiesa e Pogba vedremo pi\u00f9 in l\u00e0. Aspettiamo Leo per quando sar\u00e0 al cento per cento, credo per la gara di Firenze. Di Maria sta migliorando, speriamo di recuperare anche lui per Firenze&#8221;, ha continuato Allegri. Sul mercato: &#8220;Paredes? Non \u00e8 ancora arrivato, bisogna vedere se arriva. Intanto, dobbiamo pensare alla gara di domani. Milik \u00e8 un giocatore importante, lo dimostrano i suoi numeri, davvero impressionanti. A livello di visite mediche ha fatto tutto, aspettiamo ancora il nullaosta. Gli piace giocare in profondit\u00e0 ma pu\u00f2 giocare anche con Vlahovic. Se Dusan toccasse un solo pallone e facesse gol io sarei contento. Non ho ancora deciso la formazione: magari Milik, se arriva l&#8217;ok, lo faccio giocare dal primo minuto&#8221;.<br \/>Chiusura sulla Champions: &#8220;Tutte le gare sono difficili. Il Psg \u00e8 una delle formazioni pi\u00f9 forti in Europa. Ci giocheremo il passaggio del turno nel doppio confronto col Benfica ma anche la gara in Israele sar\u00e0 complicata&#8221;, ha concluso Allegri.<br \/>&#8211; foto LivePhotoSport &#8211;<br \/>(ITALPRESS).<\/div>\n<div id=\"div-gpt-ad-Messinaoggi.it-DSK-300x250-corpoart\" style=\"text-align:center;margin:0 auto;\"><\/div><\/p><div id=\"videoincontent\" style=\"clear:both\";><\/div>","protected":false},"excerpt":{"rendered":"<p>TORINO (ITALPRESS) &#8211; &#8220;La Roma \u00e8 una squadra tosta, sar\u00e0 bello rivedere Dybala. Bonucci \u00e8 out, Szczesny \u00e8 a disposizione. Milik ha grandi numeri, su Paredes vediamo prima se arriva&#8221;. Massimiliano Allegri ha fatto il punto in vista della gara di domani di campionato all&#8217;Allianz Stadium contro i giallorossi. &#8220;Domani \u00e8 il primo scontro diretto, [&hellip;]<\/p>\n","protected":false},"author":18,"featured_media":119211,"comment_status":"closed","ping_status":"closed","sticky":false,"template":"","format":"standard","meta":{"ub_ctt_via":"","_mi_skip_tracking":false},"categories":[446],"tags":[783],"featured_image_src":"https:\/\/www.messinaoggi.it\/website\/wp-content\/uploads\/2022\/08\/20220826_0745.jpg","author_info":{"display_name":"Admin","author_link":"https:\/\/www.messinaoggi.it\/website\/author\/admin\/"},"digistream_id":0,"digistream":false,"_links":{"self":[{"href":"https:\/\/www.messinaoggi.it\/website\/wp-json\/wp\/v2\/posts\/119210"}],"collection":[{"href":"https:\/\/www.messinaoggi.it\/website\/wp-json\/wp\/v2\/posts"}],"about":[{"href":"https:\/\/www.messinaoggi.it\/website\/wp-json\/wp\/v2\/types\/post"}],"author":[{"embeddable":true,"href":"https:\/\/www.messinaoggi.it\/website\/wp-json\/wp\/v2\/users\/18"}],"replies":[{"embeddable":true,"href":"https:\/\/www.messinaoggi.it\/website\/wp-json\/wp\/v2\/comments?post=119210"}],"version-history":[{"count":0,"href":"https:\/\/www.messinaoggi.it\/website\/wp-json\/wp\/v2\/posts\/119210\/revisions"}],"wp:featuredmedia":[{"embeddable":true,"href":"https:\/\/www.messinaoggi.it\/website\/wp-json\/wp\/v2\/media\/119211"}],"wp:attachment":[{"href":"https:\/\/www.messinaoggi.it\/website\/wp-json\/wp\/v2\/media?parent=119210"}],"wp:term":[{"taxonomy":"category","embeddable":true,"href":"https:\/\/www.messinaoggi.it\/website\/wp-json\/wp\/v2\/categories?post=119210"},{"taxonomy":"post_tag","embeddable":true,"href":"https:\/\/www.messinaoggi.it\/website\/wp-json\/wp\/v2\/tags?post=119210"}],"curies":[{"name":"wp","href":"https:\/\/api.w.org\/{rel}","templated":true}]}}