{"id":119184,"date":"2022-08-26T12:07:55","date_gmt":"2022-08-26T10:07:55","guid":{"rendered":"https:\/\/www.messinaoggi.it\/website\/2022\/08\/26\/gas-bonetti-serve-intervento-tempestivo-bisogna-dare-risposte\/"},"modified":"2022-08-26T12:07:55","modified_gmt":"2022-08-26T10:07:55","slug":"gas-bonetti-serve-intervento-tempestivo-bisogna-dare-risposte","status":"publish","type":"post","link":"https:\/\/www.messinaoggi.it\/website\/2022\/08\/26\/gas-bonetti-serve-intervento-tempestivo-bisogna-dare-risposte\/","title":{"rendered":"Gas, Bonetti \u201cServe intervento tempestivo, bisogna dare risposte\u201d"},"content":{"rendered":"<div>ROMA (ITALPRESS) &#8211; &#8220;E&#8217; assolutamente necessario un intervento tempestivo, lo abbiamo chiesto con forza, mettendoci a disposizione con senso di responsabilit\u00e0: oggi le famiglie e le imprese hanno bisogno di una risposta da parte del governo, serve un intervento sui rigassificatori che non pu\u00f2 essere rimandato&#8221;. Lo ha detto la ministra per le Pari opportunit\u00e0 e la famiglia, Elena Bonetti, a SkyTg24. &#8220;Il governo non ha mai abdicato, abbiamo messo in campo 48 milioni di euro, ma \u00e8 chiaro che in questo momento serve un intervento urgente. E&#8217; evidente che un Governo nella piena funzionalit\u00e0 avrebbe potuto rispondere con maggiore efficacia e tempestivit\u00e0, ma noi siamo pronti a sostenere qualsiasi azione che il governo Draghi vorr\u00e0 mettere in campo&#8221;, conclude.<div id=\"div-gpt-ad-Messinaoggi.it-DSK-300x250-corpoart\" style=\"text-align:center;margin:0 auto;\"><\/div><\/p>\n<p>Foto: agenziafotogramma.it<div id=\"videoincontent\" style=\"clear:both\";><\/div><\/p>\n<p>(ITALPRESS).<\/p><\/div>\n","protected":false},"excerpt":{"rendered":"<p>ROMA (ITALPRESS) &#8211; &#8220;E&#8217; assolutamente necessario un intervento tempestivo, lo abbiamo chiesto con forza, mettendoci a disposizione con senso di responsabilit\u00e0: oggi le famiglie e le imprese hanno bisogno di una risposta da parte del governo, serve un intervento sui rigassificatori che non pu\u00f2 essere rimandato&#8221;. Lo ha detto la ministra per le Pari opportunit\u00e0 [&hellip;]<\/p>\n","protected":false},"author":18,"featured_media":119185,"comment_status":"closed","ping_status":"closed","sticky":false,"template":"","format":"standard","meta":{"ub_ctt_via":"","_mi_skip_tracking":false},"categories":[446],"tags":[783],"featured_image_src":"https:\/\/www.messinaoggi.it\/website\/wp-content\/uploads\/2022\/08\/20220826_0284.jpg","author_info":{"display_name":"Admin","author_link":"https:\/\/www.messinaoggi.it\/website\/author\/admin\/"},"digistream_id":0,"digistream":false,"_links":{"self":[{"href":"https:\/\/www.messinaoggi.it\/website\/wp-json\/wp\/v2\/posts\/119184"}],"collection":[{"href":"https:\/\/www.messinaoggi.it\/website\/wp-json\/wp\/v2\/posts"}],"about":[{"href":"https:\/\/www.messinaoggi.it\/website\/wp-json\/wp\/v2\/types\/post"}],"author":[{"embeddable":true,"href":"https:\/\/www.messinaoggi.it\/website\/wp-json\/wp\/v2\/users\/18"}],"replies":[{"embeddable":true,"href":"https:\/\/www.messinaoggi.it\/website\/wp-json\/wp\/v2\/comments?post=119184"}],"version-history":[{"count":0,"href":"https:\/\/www.messinaoggi.it\/website\/wp-json\/wp\/v2\/posts\/119184\/revisions"}],"wp:featuredmedia":[{"embeddable":true,"href":"https:\/\/www.messinaoggi.it\/website\/wp-json\/wp\/v2\/media\/119185"}],"wp:attachment":[{"href":"https:\/\/www.messinaoggi.it\/website\/wp-json\/wp\/v2\/media?parent=119184"}],"wp:term":[{"taxonomy":"category","embeddable":true,"href":"https:\/\/www.messinaoggi.it\/website\/wp-json\/wp\/v2\/categories?post=119184"},{"taxonomy":"post_tag","embeddable":true,"href":"https:\/\/www.messinaoggi.it\/website\/wp-json\/wp\/v2\/tags?post=119184"}],"curies":[{"name":"wp","href":"https:\/\/api.w.org\/{rel}","templated":true}]}}