{"id":119180,"date":"2022-08-26T12:02:51","date_gmt":"2022-08-26T10:02:51","guid":{"rendered":"https:\/\/www.messinaoggi.it\/website\/2022\/08\/26\/regionali-lunedi-meloni-e-salvini-in-sicilia\/"},"modified":"2022-08-26T12:02:51","modified_gmt":"2022-08-26T10:02:51","slug":"regionali-lunedi-meloni-e-salvini-in-sicilia","status":"publish","type":"post","link":"https:\/\/www.messinaoggi.it\/website\/2022\/08\/26\/regionali-lunedi-meloni-e-salvini-in-sicilia\/","title":{"rendered":"Regionali, luned\u00ec Meloni e Salvini in Sicilia"},"content":{"rendered":"<div>\n<p>PALERMO (ITALPRESS) \u2013 Definite liste e list\u00ecni la campagna elettorale per le regionali in Sicilia entra nel vivo e gi\u00e0 dalla prossima settimana i primi big del centrodestra saranno nell\u2019isola al fianco del loro candidato Renato Schifani.<br \/>Luned\u00ec mattina la leader di Fratelli d\u2019Italia Giorgia Meloni, accompagnata dai segretari regionali Giampiero Cannella e Salvo Pogliese, sar\u00e0 a Messina e nel pomeriggio alle 18 si sposter\u00e0 a Le Ciminiere di Catania per un comizio al quale sar\u00e0 presente anche l\u2019ex presidente del Senato.<br \/>Ad inizio settimana sar\u00e0 in Sicilia anche il leader della Lega Matteo Salvini per una due giorni in giro per l\u2019isola per incontrare i rappresentanti delle attivit\u00e0 produttive e delle associazioni di categoria insieme al segretario regionale Nino Minardo.<br \/>Il programma \u00e8 in via di definizione, comunque secondo quanto apprende Italpress il leader leghista sar\u00e0 luned\u00ec nella sicilia orientale (Ragusa, Siracusa e Catania) e marted\u00ec si sposter\u00e0 nella Sicilia occidentale per chiudere con un evento a Palermo insieme al senatore Schifani.<br \/>In via di definizione anche il programma di Forza Italia che potrebbe vedere la presenza a Palermo di Silvio Berlusconi. Ma al momento tutto \u00e8 in via di definizione e nulla \u00e8 ancora ufficialmente confermato. Sicuramente  a settembre i principali esponenti di Forza Italia saranno in Sicilia per non far mancare il proprio supporto al loro candidato Renato Schifani che dalla prossima settimana inizier\u00e0 il suo tour per le 9 province siciliane per illustrare il suo programma elettorale sul territorio regionale.<div id=\"div-gpt-ad-Messinaoggi.it-DSK-300x250-corpoart\" style=\"text-align:center;margin:0 auto;\"><\/div><\/p>\n<p>\u2013 foto agenziafotogramma.it \u2013<br \/>(ITALPRESS).<div id=\"videoincontent\" style=\"clear:both\";><\/div><\/p>\n<\/div>\n","protected":false},"excerpt":{"rendered":"<p>PALERMO (ITALPRESS) \u2013 Definite liste e list\u00ecni la campagna elettorale per le regionali in Sicilia entra nel vivo e gi\u00e0 dalla prossima settimana i primi big del centrodestra saranno nell\u2019isola al fianco del loro candidato Renato Schifani.Luned\u00ec mattina la leader di Fratelli d\u2019Italia Giorgia Meloni, accompagnata dai segretari regionali Giampiero Cannella e Salvo Pogliese, sar\u00e0 [&hellip;]<\/p>\n","protected":false},"author":18,"featured_media":119181,"comment_status":"closed","ping_status":"closed","sticky":false,"template":"","format":"standard","meta":{"ub_ctt_via":"","_mi_skip_tracking":false},"categories":[2449],"tags":[783],"featured_image_src":"https:\/\/www.messinaoggi.it\/website\/wp-content\/uploads\/2022\/08\/20220826_0328.jpg","author_info":{"display_name":"Admin","author_link":"https:\/\/www.messinaoggi.it\/website\/author\/admin\/"},"digistream_id":0,"digistream":false,"_links":{"self":[{"href":"https:\/\/www.messinaoggi.it\/website\/wp-json\/wp\/v2\/posts\/119180"}],"collection":[{"href":"https:\/\/www.messinaoggi.it\/website\/wp-json\/wp\/v2\/posts"}],"about":[{"href":"https:\/\/www.messinaoggi.it\/website\/wp-json\/wp\/v2\/types\/post"}],"author":[{"embeddable":true,"href":"https:\/\/www.messinaoggi.it\/website\/wp-json\/wp\/v2\/users\/18"}],"replies":[{"embeddable":true,"href":"https:\/\/www.messinaoggi.it\/website\/wp-json\/wp\/v2\/comments?post=119180"}],"version-history":[{"count":0,"href":"https:\/\/www.messinaoggi.it\/website\/wp-json\/wp\/v2\/posts\/119180\/revisions"}],"wp:featuredmedia":[{"embeddable":true,"href":"https:\/\/www.messinaoggi.it\/website\/wp-json\/wp\/v2\/media\/119181"}],"wp:attachment":[{"href":"https:\/\/www.messinaoggi.it\/website\/wp-json\/wp\/v2\/media?parent=119180"}],"wp:term":[{"taxonomy":"category","embeddable":true,"href":"https:\/\/www.messinaoggi.it\/website\/wp-json\/wp\/v2\/categories?post=119180"},{"taxonomy":"post_tag","embeddable":true,"href":"https:\/\/www.messinaoggi.it\/website\/wp-json\/wp\/v2\/tags?post=119180"}],"curies":[{"name":"wp","href":"https:\/\/api.w.org\/{rel}","templated":true}]}}