{"id":11918,"date":"2017-11-24T21:33:05","date_gmt":"2017-11-24T20:33:05","guid":{"rendered":"http:\/\/www.messinaoggi.it\/website\/?p=11918"},"modified":"2017-11-24T21:33:05","modified_gmt":"2017-11-24T20:33:05","slug":"la-fidapa-dalla-parte-delle-donne","status":"publish","type":"post","link":"https:\/\/www.messinaoggi.it\/website\/2017\/11\/24\/la-fidapa-dalla-parte-delle-donne\/","title":{"rendered":"La Fidapa dalla parte delle donne"},"content":{"rendered":"<p>Tra le iniziative\u00a0 che si sono svolti nei giorni scorsi in occasione della giornata internazionale\u00a0 contro la\u00a0 violenza sulle donne che domani sar\u00e0 celebrata in tutto il mondo, grande\u00a0 importanza ha rivestito l\u2019evento\u00a0 dal titolo Sono una\u00a0 strega perch\u00e9\u2026 organizzato da FIDAPA BPW Italy e \u00a0\u00a0presieduto da Ilaria Cammaroto, che si \u00e8 svolto\u00a0 mercoled\u00ec\u00a0 scorso presso\u00a0 la Sala Convegni Oasi di Barcellona Pozzo di Gotto.<br \/>\nUn incontro denso di significati in \u00a0una sala gremita essenzialmente da donne, e proprio questo \u00e8 stato, forse, l\u2019unico neo della serata, dal momento che \u2013 come ha pi\u00f9 volte ribadito\u00a0 il Dott. Claudio Passantino, &#8211; \u00a0incontri\u00a0 del genere dovrebbero essere maggiormente frequentati \u00a0dal genere che provoca questo tipo di violenza ancor prima del genere designato come vittima.<br \/>\n<img loading=\"lazy\" class=\"alignnone  wp-image-11920\" src=\"http:\/\/www.messinaoggi.it\/website\/wp-content\/uploads\/2017\/11\/Valeria-Di-Brisco-300x200.jpg\" alt=\"\" width=\"363\" height=\"242\" \/><br \/>\nE poich\u00e9 viviamo in un\u2019epoca in cui ormai l\u2019immagine conta pi\u00f9 della parola, a porre l\u2019accento su\u00a0 quanto era stato detto in \u00a0precedenza sono stati i ragazzi del Laboratorio Teatrale Tanti\u00a0 Amici diretto dal regista e attore Giuseppe Pollicina,\u00a0 ognuno dei\u00a0 quali ha messo in scena storie di donne\u00a0 che\u00a0 della loro sofferenza \u00a0\u00a0\u00a0hanno fatto il loro punto di\u00a0 forza rifiutandosi di sottostare al loro ruolo di vittime e reagendo ognuna secondo il proprio sentire. Si pensi ad esempio ad Alda Merini che ha gridato il suo essere Donna fino all\u2019ultimo respiro, anche dalle sbarre di un ospedale psichiatrico.<br \/>\n<img loading=\"lazy\" class=\"alignnone  wp-image-11919\" src=\"http:\/\/www.messinaoggi.it\/website\/wp-content\/uploads\/2017\/11\/Tania-Alioto-300x200.jpg\" alt=\"\" width=\"363\" height=\"242\" \/><br \/>\nA chiudere la serata \u00e8 stata Ilaria Cammaroto, la quale ha dato lettura dei punti cardine di un comunicato Fidapa, riguardante il tema della\u00a0 giornata:<br \/>\n<em>\u201cLa Fidapa- Bpw Italy ( Federazione Italiana Donne Arti Professioni, Affari- Business Professional Women), Associazione internazionale che in Italia conta 11 mila socie, \u00a0in occasione del\u00a0<strong>25 novembre, giornata mondiale contro la violenza sulle donne<\/strong>, ribadisce fermamente il proprio\u00a0<strong>No alla violenza<\/strong>\u00a0e si unisce al coro unanime delle Donne che sono in prima linea a lottare per costruire una societ\u00e0 e una convivenza civile pi\u00f9 equa e soprattutto rispettosa del valore della vita \u00a0delle Donne e della loro esistenza. La Fidapa- Bpw \u00a0Italy confermando il proprio impegno a tutti i livelli per la difesa e la promozione sociale della Donna:<\/em><br \/>\n<strong><em>DENUNCIA<\/em><\/strong><em>: l\u2019inaccettabile condizione di violenza privata, familiare, lavorativa, alla quale alcune Donne sono sottoposte. Violenza che si fa ancora pi\u00f9 feroce quando chi denuncia deve anche patire tentativi di delegittimazione mediatica, giudizi negativi in ambito sociale, scarsa tutela.<\/em><br \/>\n<strong><em>DENUNCIA:<\/em><\/strong><em>\u00a0il forte ritardo dello Stato italiano nelle politiche per il superamento del divario di genere; l\u2019inadeguatezza delle misure adottate per la lotta alla violenza di genere, in ultimo l\u2019irrisoria misura di indennizzo previsto nell\u2019adeguamento alla convenzione di Istanbul del 2004 e in atto solo ora nel 2017. \u00a0\u00a0\u00a0<\/em><br \/>\n<strong><em>DICE BASTA<\/em><\/strong><em>: a ogni forma di violenza anche quella subdola psicologica fondata su stereotipi di genere promossi da un certo modo di fare comunicazione caratterizzato da un linguaggio gratuitamente violento.<\/em><br \/>\n<strong><em>DICE BASTA<\/em><\/strong><em>: alle molestie sul posto di lavoro; alla \u00a0pubblicit\u00e0 sessista che diffonde modelli di genere che contribuiscono alla categorizzazione e sono limitanti \u00a0per la nostra affermazione sociale.<\/em><br \/>\n<strong><em>INVITA<\/em><\/strong><em>: gli uomini a prendere pubblicamente le distanze da questi fenomeni e a scendere in campo per le Donne e con le Donne perch\u00e9 la violenza contro le Donne \u00e8 un problema degli uomini che sconvolge tutta la societ\u00e0.<\/em><br \/>\n<strong><em>PROMUOVE<\/em><\/strong><em>: forme nuove di educazione, a \u00a0partire dalla scuola dell\u2019obbligo. Un \u00a0linguaggio limpido, chiaro, coerente; una buona politica. Avanti con i fatti. Avanti con Donne \u00a0preparate, pronte a combattere per i diritti delle Donne e per un mondo di Pace\u201d.<\/em><br \/>\nIl 25 novembre, \u00e8 una data\u00a0 che da qualche anno, troppi\u00a0 in verit\u00e0, ricorda le vittime del femminicidio; un anniversario di morte che non\u00a0 dovrebbe nemmeno esistere, perch\u00e9 la Donna \u00e8 nata per essere amata, non violata, non uccisa. Ma perch\u00e9 ci\u00f2 non avvenga pi\u00f9 bisogna anzitutto rieducare gli uomini all\u2019amore.<br \/>\n <br \/>\n <br \/>\n <div id=\"div-gpt-ad-Messinaoggi.it-DSK-300x250-corpoart\" style=\"text-align:center;margin:0 auto;\"><\/div><\/p>\n<div id=\"videoincontent\" style=\"clear:both\";><\/div>","protected":false},"excerpt":{"rendered":"<p>Tra le iniziative\u00a0 che si sono svolti nei giorni scorsi in occasione della giornata internazionale\u00a0 contro la\u00a0 violenza sulle donne che domani sar\u00e0 celebrata in tutto il mondo, grande\u00a0 importanza ha rivestito l\u2019evento\u00a0 dal titolo Sono una\u00a0 strega perch\u00e9\u2026 organizzato da FIDAPA BPW Italy e \u00a0\u00a0presieduto da Ilaria Cammaroto, che si \u00e8 svolto\u00a0 mercoled\u00ec\u00a0 scorso [&hellip;]<\/p>\n","protected":false},"author":5,"featured_media":11921,"comment_status":"closed","ping_status":"open","sticky":false,"template":"","format":"standard","meta":{"ub_ctt_via":"","_mi_skip_tracking":false},"categories":[16],"tags":[],"featured_image_src":"https:\/\/www.messinaoggi.it\/website\/wp-content\/uploads\/2017\/11\/Posto-Occupato.jpg","author_info":{"display_name":"Maria Antonella Saia","author_link":"https:\/\/www.messinaoggi.it\/website\/author\/m-saia\/"},"digistream_id":0,"digistream":false,"_links":{"self":[{"href":"https:\/\/www.messinaoggi.it\/website\/wp-json\/wp\/v2\/posts\/11918"}],"collection":[{"href":"https:\/\/www.messinaoggi.it\/website\/wp-json\/wp\/v2\/posts"}],"about":[{"href":"https:\/\/www.messinaoggi.it\/website\/wp-json\/wp\/v2\/types\/post"}],"author":[{"embeddable":true,"href":"https:\/\/www.messinaoggi.it\/website\/wp-json\/wp\/v2\/users\/5"}],"replies":[{"embeddable":true,"href":"https:\/\/www.messinaoggi.it\/website\/wp-json\/wp\/v2\/comments?post=11918"}],"version-history":[{"count":0,"href":"https:\/\/www.messinaoggi.it\/website\/wp-json\/wp\/v2\/posts\/11918\/revisions"}],"wp:featuredmedia":[{"embeddable":true,"href":"https:\/\/www.messinaoggi.it\/website\/wp-json\/wp\/v2\/media\/11921"}],"wp:attachment":[{"href":"https:\/\/www.messinaoggi.it\/website\/wp-json\/wp\/v2\/media?parent=11918"}],"wp:term":[{"taxonomy":"category","embeddable":true,"href":"https:\/\/www.messinaoggi.it\/website\/wp-json\/wp\/v2\/categories?post=11918"},{"taxonomy":"post_tag","embeddable":true,"href":"https:\/\/www.messinaoggi.it\/website\/wp-json\/wp\/v2\/tags?post=11918"}],"curies":[{"name":"wp","href":"https:\/\/api.w.org\/{rel}","templated":true}]}}