{"id":119173,"date":"2022-08-26T10:40:21","date_gmt":"2022-08-26T08:40:21","guid":{"rendered":"http:\/\/www.messinaoggi.it\/website\/?p=119173"},"modified":"2022-08-26T10:40:22","modified_gmt":"2022-08-26T08:40:22","slug":"palmira-mancuso-europa-candidata-anche-alle-regionali","status":"publish","type":"post","link":"https:\/\/www.messinaoggi.it\/website\/2022\/08\/26\/palmira-mancuso-europa-candidata-anche-alle-regionali\/","title":{"rendered":"Palmira Mancuso (+Europa) candidata anche alle regionali"},"content":{"rendered":"\n<p>Doppia candidatura per Palmira Mancuso, capolista alla Camera con + Europa e alle regionali con il PD.<div id=\"div-gpt-ad-Messinaoggi.it-DSK-300x250-corpoart\" style=\"text-align:center;margin:0 auto;\"><\/div><\/p>\n\n\n\n<p><br>\u201cSenza praticabilit\u00e0 la politica \u00e8 velleitarismo. E in questa fase storica ogni altro ragionamento che non sia quello di aspirare ad una societ\u00e0 aperta, rischia di compromettere anni di lotte per i diritti civili, consegnando alla peggiore destra il futuro del Paese. Non penso a quella destra moderata oggi rappresentata da Calenda e Renzi, che hanno raccolto l&#8217;eredit\u00e0 politica di Forza Italia ormai ridotta in Sicilia a bancomat di seggi per gli amici personali di Berlusconi, ma a quella di Salvini e Meloni pronti a relegarci fuori dall&#8217;Europa.\u201d<br>Cos\u00ec in una nota Palmira Mancuso, capolista alla Camera nel collegio Sicilia 2 Messina Enna, a conclusione della presentazione ufficiale delle candidature che si \u00e8 svolta a Palermo nella sede regionale del partito di Emma Bonino. Nell\u2019occasione \u00e8 stata anche ufficializzata la candidatura della giornalista messinese nella lista del PD in corsa alle regionali.<div id=\"videoincontent\" style=\"clear:both\";><\/div><\/p>\n\n\n\n<p><br>\u201cLa mia candidatura alla Camera con Pi\u00f9 Europa ha avuto come naturale conseguenza sul territorio la presenza alle regionali all&#8217;interno della lista del PD \u2013 prosegue la Mancuso- bisogna mettere in chiaro da che parte stiamo e che crediamo in una sinistra moderna, atlantista, europeista, progressista ed ecologista. L&#8217;unica forza politica ben strutturata a sinistra \u00e8 il PD, che se da un lato subisce le difficolt\u00e0 di un grande partito e dunque preda di una classe dirigente non sempre all&#8217;altezza (come mostrato dai recenti cambi di casacca in chiave populista) dall&#8217;altro contiene tutti gli anticorpi per superare la crisi. Anche questo dimostra la richiesta di volermi candidata alle regionali: la necessit\u00e0 di un rinnovamento non strizzando gli occhi alla sinistra estrema, ma guardando a quell&#8217;area liberale, radicale e riformista, in Europa rappresentata dall&#8217;Alde, di cui sono espressione. La vera sfida oggi \u00e8 realizzare le riforme necessarie a raggiungere gli obiettivi del PNRR, senza paura del cambiamento. Il rischio \u00e8 che il sistema elettorale, che molta di questa classe dirigente che oggi si lamenta non ha saputo cambiare, premia chi vuole conservare lo status quo o peggio chi vuole tornare indietro su diritti acquisiti mettendo in discussione persino la libert\u00e0 individuale. Per noi di Pi\u00f9 Europa la priorit\u00e0 \u00e8 rimanere ancorati ai principi che stanno alla base della democrazia, della pacifica convivenza tra i popoli, dell&#8217;autodeterminazione. E pensando &#8220;glocal&#8221; e guardando alla realt\u00e0 di Messina non posso che assumermi la responsabilit\u00e0 di quel coraggio politico che i tempi richiedono, per rafforzare l&#8217;opposizione al populismo &#8220;pigliatutto&#8221; di Cateno De Luca. Io ci sono, e oggi pi\u00f9 che mai voglio dare voce a chi non si sente rappresentato da certa classe dirigente che si spaccia per nuova ma che da vent&#8217;anni fa politica in maniera personalistica. Spero quindi che chi non ha votato alle ultime elezioni si assuma la responsabilit\u00e0 del cambiamento, sbarrando il simbolo Pi\u00f9 Europa e votando anche alle Regionali una persona come me, rappresentante di una generazione che ha pagato il costo pi\u00f9 alto, in termini soprattutto di precariet\u00e0. E poi la mia speranza \u00e8 che da Messina parta quel piccolo miracolo che pi\u00f9 volte \u00e8 gi\u00e0 accaduto nel corso della storia. Come quando da Palazzo Zanca l&#8217;Unione Europa muoveva i primi passi, inseguendo un sogno che dobbiamo ancora pienamente realizzare: gli Stati Uniti d&#8217;Europa.\u201d<\/p>\n\n\n\n<div class=\"wp-block-file\"><a href=\"https:\/\/www.messinaoggi.it\/website\/wp-content\/uploads\/2022\/08\/IMG-20220826-WA0009.jpg\" class=\"wp-block-file__button\" download>Download<\/a><\/div>\n","protected":false},"excerpt":{"rendered":"<p>Doppia candidatura per Palmira Mancuso, capolista alla Camera con + Europa e alle regionali con il PD. \u201cSenza praticabilit\u00e0 la politica \u00e8 velleitarismo. E in questa fase storica ogni altro ragionamento che non sia quello di aspirare ad una societ\u00e0 aperta, rischia di compromettere anni di lotte per i diritti civili, consegnando alla peggiore destra [&hellip;]<\/p>\n","protected":false},"author":8,"featured_media":119174,"comment_status":"open","ping_status":"open","sticky":false,"template":"","format":"standard","meta":{"ub_ctt_via":"","_mi_skip_tracking":false},"categories":[1],"tags":[],"featured_image_src":"https:\/\/www.messinaoggi.it\/website\/wp-content\/uploads\/2022\/08\/IMG-20220826-WA0009.jpg","author_info":{"display_name":"red..me","author_link":"https:\/\/www.messinaoggi.it\/website\/author\/redstage\/"},"digistream_id":0,"digistream":false,"_links":{"self":[{"href":"https:\/\/www.messinaoggi.it\/website\/wp-json\/wp\/v2\/posts\/119173"}],"collection":[{"href":"https:\/\/www.messinaoggi.it\/website\/wp-json\/wp\/v2\/posts"}],"about":[{"href":"https:\/\/www.messinaoggi.it\/website\/wp-json\/wp\/v2\/types\/post"}],"author":[{"embeddable":true,"href":"https:\/\/www.messinaoggi.it\/website\/wp-json\/wp\/v2\/users\/8"}],"replies":[{"embeddable":true,"href":"https:\/\/www.messinaoggi.it\/website\/wp-json\/wp\/v2\/comments?post=119173"}],"version-history":[{"count":1,"href":"https:\/\/www.messinaoggi.it\/website\/wp-json\/wp\/v2\/posts\/119173\/revisions"}],"predecessor-version":[{"id":119175,"href":"https:\/\/www.messinaoggi.it\/website\/wp-json\/wp\/v2\/posts\/119173\/revisions\/119175"}],"wp:featuredmedia":[{"embeddable":true,"href":"https:\/\/www.messinaoggi.it\/website\/wp-json\/wp\/v2\/media\/119174"}],"wp:attachment":[{"href":"https:\/\/www.messinaoggi.it\/website\/wp-json\/wp\/v2\/media?parent=119173"}],"wp:term":[{"taxonomy":"category","embeddable":true,"href":"https:\/\/www.messinaoggi.it\/website\/wp-json\/wp\/v2\/categories?post=119173"},{"taxonomy":"post_tag","embeddable":true,"href":"https:\/\/www.messinaoggi.it\/website\/wp-json\/wp\/v2\/tags?post=119173"}],"curies":[{"name":"wp","href":"https:\/\/api.w.org\/{rel}","templated":true}]}}