{"id":119166,"date":"2022-08-26T10:07:54","date_gmt":"2022-08-26T08:07:54","guid":{"rendered":"https:\/\/www.messinaoggi.it\/website\/2022\/08\/26\/covid-in-salita-lincidenza-settimanale-in-calo-le-intensive\/"},"modified":"2022-08-26T10:20:08","modified_gmt":"2022-08-26T08:20:08","slug":"covid-in-salita-lincidenza-settimanale-in-calo-le-intensive","status":"publish","type":"post","link":"https:\/\/www.messinaoggi.it\/website\/2022\/08\/26\/covid-in-salita-lincidenza-settimanale-in-calo-le-intensive\/","title":{"rendered":"Covid, in salita l\u2019incidenza settimanale, in calo le intensive"},"content":{"rendered":"<div>ROMA (ITALPRESS) &#8211; In crescita l&#8217;incidenza settimanale; mentre \u00e8 in calo l&#8217;occupazione delle terapie intensive ed \u00e8 stabile \u00f2&#8217;Rt medio. Questa l&#8217;analisi dei dati principali del monitoraggio della Cabina di Regia dell&#8217;Istituto Superiore di Sanit\u00e0. Sale, come scritto, l&#8217;incidenza settimanale a livello nazionale: 277 ogni 100.000 abitanti (19\/08\/2022 -25\/08\/2022) vs 260 ogni 100.000 abitanti (12\/08\/2022 -18\/08\/2022). Nel periodo 2-15 agosto 2022, l&#8217;Rt medio calcolato sui casi sintomatici \u00e8 stato pari a 0,74 (range 0,71-0,77), in lieve diminuzione rispetto alla settimana precedente. L&#8217;indice di trasmissibilit\u00e0 basato sui casi con ricovero ospedaliero \u00e8 anch&#8217;esso sotto la soglia epidemica: Rt=0.75 (0,72-0,77) al 15\/08\/2022 vs Rt=0.77 (0,73-0,80) al 09\/08\/2022. Il tasso di occupazione in terapia intensiva \u00e8 in calo al 2,4% (rilevazione giornaliera Ministero della Salute al 25 agosto) vs  2,7% (rilevazione giornaliera Ministero della Salute al 18 agosto). Il tasso di occupazione in aree mediche a livello nazionale scende al 9,4% (rilevazione giornaliera Ministero della Salute al 25 agosto) vs 11,0% (rilevazione giornaliera Ministero della Salute al 18 agosto).<br \/>Tre Regioni sono classificate a rischio moderato ai sensi del DM del 30 aprile 2020, mentre le restanti 18 Regioni\/PPAA sono classificate a rischio basso. Nove Regioni\/PPAA riportano almeno una allerta di resilienza. Una Regione riporta molteplici allerte di resilienza. La percentuale dei casi rilevati attraverso l&#8217;attivit\u00e0 di tracciamento dei contatti \u00e8 stabile rispetto alla settimana precedente (13% vs 14%). Stabile la percentuale dei casi rilevati attraverso la comparsa dei sintomi (45% vs 45%), come anche la percentuale dei casi diagnosticati attraverso attivit\u00e0 di screening (42% vs 42%).<div id=\"div-gpt-ad-Messinaoggi.it-DSK-300x250-corpoart\" style=\"text-align:center;margin:0 auto;\"><\/div><\/p>\n<p>foto: agenziafotogramma.it<br \/>(ITALPRESS).<\/div>\n<div id=\"videoincontent\" style=\"clear:both\";><\/div>","protected":false},"excerpt":{"rendered":"<p>ROMA (ITALPRESS) &#8211; In crescita l&#8217;incidenza settimanale; mentre \u00e8 in calo l&#8217;occupazione delle terapie intensive ed \u00e8 stabile \u00f2&#8217;Rt medio. Questa l&#8217;analisi dei dati principali del monitoraggio della Cabina di Regia dell&#8217;Istituto Superiore di Sanit\u00e0. Sale, come scritto, l&#8217;incidenza settimanale a livello nazionale: 277 ogni 100.000 abitanti (19\/08\/2022 -25\/08\/2022) vs 260 ogni 100.000 abitanti (12\/08\/2022 [&hellip;]<\/p>\n","protected":false},"author":18,"featured_media":119167,"comment_status":"closed","ping_status":"closed","sticky":false,"template":"","format":"standard","meta":{"ub_ctt_via":"","_mi_skip_tracking":false},"categories":[221,446],"tags":[783],"featured_image_src":"https:\/\/www.messinaoggi.it\/website\/wp-content\/uploads\/2022\/08\/20220826_0161.jpg","author_info":{"display_name":"Admin","author_link":"https:\/\/www.messinaoggi.it\/website\/author\/admin\/"},"digistream_id":0,"digistream":false,"_links":{"self":[{"href":"https:\/\/www.messinaoggi.it\/website\/wp-json\/wp\/v2\/posts\/119166"}],"collection":[{"href":"https:\/\/www.messinaoggi.it\/website\/wp-json\/wp\/v2\/posts"}],"about":[{"href":"https:\/\/www.messinaoggi.it\/website\/wp-json\/wp\/v2\/types\/post"}],"author":[{"embeddable":true,"href":"https:\/\/www.messinaoggi.it\/website\/wp-json\/wp\/v2\/users\/18"}],"replies":[{"embeddable":true,"href":"https:\/\/www.messinaoggi.it\/website\/wp-json\/wp\/v2\/comments?post=119166"}],"version-history":[{"count":1,"href":"https:\/\/www.messinaoggi.it\/website\/wp-json\/wp\/v2\/posts\/119166\/revisions"}],"predecessor-version":[{"id":119170,"href":"https:\/\/www.messinaoggi.it\/website\/wp-json\/wp\/v2\/posts\/119166\/revisions\/119170"}],"wp:featuredmedia":[{"embeddable":true,"href":"https:\/\/www.messinaoggi.it\/website\/wp-json\/wp\/v2\/media\/119167"}],"wp:attachment":[{"href":"https:\/\/www.messinaoggi.it\/website\/wp-json\/wp\/v2\/media?parent=119166"}],"wp:term":[{"taxonomy":"category","embeddable":true,"href":"https:\/\/www.messinaoggi.it\/website\/wp-json\/wp\/v2\/categories?post=119166"},{"taxonomy":"post_tag","embeddable":true,"href":"https:\/\/www.messinaoggi.it\/website\/wp-json\/wp\/v2\/tags?post=119166"}],"curies":[{"name":"wp","href":"https:\/\/api.w.org\/{rel}","templated":true}]}}