{"id":11915,"date":"2017-11-24T16:09:58","date_gmt":"2017-11-24T15:09:58","guid":{"rendered":"http:\/\/www.messinaoggi.it\/website\/?p=11915"},"modified":"2017-11-24T16:09:58","modified_gmt":"2017-11-24T15:09:58","slug":"intitolare-spazio-a-vittime-femminicidio-cmdb-amplifica-invito-a-invertire-diniego-per-giornata-antiviolenza","status":"publish","type":"post","link":"https:\/\/www.messinaoggi.it\/website\/2017\/11\/24\/intitolare-spazio-a-vittime-femminicidio-cmdb-amplifica-invito-a-invertire-diniego-per-giornata-antiviolenza\/","title":{"rendered":"Intitolare spazio a vittime femminicidio, CMdB amplifica invito a invertire diniego per Giornata antiviolenza"},"content":{"rendered":"<p style=\"text-align: justify\">Domani, si celebra in tutto il mondo la Giornata internazionale della violenza sulle donne e come gruppo tematico di Cambiamo Messina dal basso riproponiamo l&#8217;intitolazione di una piazza, una via o un giardino alle \u201cVittime di femminicidio\u201d. Il diniego della Commissione Toponomastica, composta peraltro da soli uomini in contrasto con quanto deliberato dalla Giunta comunale nel marzo 2016, \u00e8 inaccettabile. Inaccettabile perch\u00e9 ogni segno o gesto \u00e8 utile per far comprendere determinati atti, stimolare a prevenire le violenze e a riconoscere quei segnali e atteggiamenti che le preludono; essere cos\u00ec semplicemente di aiuto alle donne ma anche agli uomini e complessivamente ad una societ\u00e0 pi\u00f9 giusta. A ribadirlo \u00e8 il Gruppo Pari Opportunit\u00e0 Cambiamo Messina dal basso<div id=\"div-gpt-ad-Messinaoggi.it-DSK-300x250-corpoart\" style=\"text-align:center;margin:0 auto;\"><\/div><\/p>\n<p style=\"text-align: justify\">A sostegno di ci\u00f2, ecco i numeri del fenomeno, che non sono quelli presentati nel 2014, bens\u00ec tristemente in aumento: nel 2017, dal 1 gennaio ad oggi purtroppo, sono 84 1 le donne uccise nel 2016 sono 120 le donne uccise, nel 2015 sono 128 le donne uccise, nel 2014 sono 136 le donne uccise, nel 2013 sono 179 le donne uccise, nel 2012 sono 157 le donne uccise, nel 2011 sono 130 le donne uccise. I dati a volte nemmeno coincidono, perch\u00e9 alcuni femminicidi passano inosservati o non classificati come femminicidi. A sostegno della nostra proposta citiamo l\u2019intitolazione di altri luoghi simili:<div id=\"videoincontent\" style=\"clear:both\";><\/div><\/p>\n<p style=\"text-align: justify\">1 http:\/\/tg24.sky.it\/cronaca\/2017\/11\/22\/ministro-orlando-dati-femminicidio.html e-mail: coordinamentopariopportunit\u00e0@gmail.com Gruppo Pari Opportunit\u00e0 &#8211; Cambiamo Messina dal basso nel novembre 2014 a Torino 2 il Giardino dedicato alle \u201cVittime di Femminicidio\u201d, nel giugno 2015 a Siracusa 3 la piazza \u201cVittime di Femminicidio\u201d e nel marzo 2017 a Priolo 4 la piazza \u201cVittime di Femminicidio\u201d.<\/p>\n<p style=\"text-align: justify\">A sostegno si vedano anche i comunicati dell\u2019Amministrazione comunale, della Consulta delle Organizzazioni sociali e del CEDAV. La notizia della nostra proposta e il relativo diniego hanno avuto ampia eco sui giornali e nell\u2019opinione pubblica, confermando che la motivazione approntata dalla Commissione Toponomastica con il suo \u201cnon \u00e8 il modo migliore per onorarle\u201d riferito alle vittime, non sussiste e non \u00e8 assolutamente ragione valida per privare la citt\u00e0 di un luogo di meditazione e memoria sul femminicidio.<\/p>\n<p style=\"text-align: justify\">Concordiamo sul fatto che una piazza intitolata alla vittime di femminicidio non sia di certo sufficiente per ammonire su un fenomeno tanto esteso e radicato, cos\u00ec come non lo sono tuttavia una locandina, una panchina dedicata, una sedia con un drappo rosso e\/o le tante manifestazioni a riguardo: si tratta di segni, indirizzi attraverso cui far riflettere, stimoli culturali perch\u00e9 il femminicidio sia collettivamente riconosciuto e stigmatizzato.<\/p>\n","protected":false},"excerpt":{"rendered":"<p>Domani, si celebra in tutto il mondo la Giornata internazionale della violenza sulle donne e come gruppo tematico di Cambiamo Messina dal basso riproponiamo l&#8217;intitolazione di una piazza, una via o un giardino alle \u201cVittime di femminicidio\u201d. Il diniego della Commissione Toponomastica, composta peraltro da soli uomini in contrasto con quanto deliberato dalla Giunta comunale [&hellip;]<\/p>\n","protected":false},"author":7,"featured_media":11916,"comment_status":"closed","ping_status":"open","sticky":false,"template":"","format":"standard","meta":{"ub_ctt_via":"","_mi_skip_tracking":false},"categories":[4],"tags":[],"featured_image_src":"https:\/\/www.messinaoggi.it\/website\/wp-content\/uploads\/2017\/11\/violenza-donne-non-stiamo-in-silenzio-messinaoggi.jpg","author_info":{"display_name":"Redazione1","author_link":"https:\/\/www.messinaoggi.it\/website\/author\/redazione1\/"},"digistream_id":0,"digistream":false,"_links":{"self":[{"href":"https:\/\/www.messinaoggi.it\/website\/wp-json\/wp\/v2\/posts\/11915"}],"collection":[{"href":"https:\/\/www.messinaoggi.it\/website\/wp-json\/wp\/v2\/posts"}],"about":[{"href":"https:\/\/www.messinaoggi.it\/website\/wp-json\/wp\/v2\/types\/post"}],"author":[{"embeddable":true,"href":"https:\/\/www.messinaoggi.it\/website\/wp-json\/wp\/v2\/users\/7"}],"replies":[{"embeddable":true,"href":"https:\/\/www.messinaoggi.it\/website\/wp-json\/wp\/v2\/comments?post=11915"}],"version-history":[{"count":0,"href":"https:\/\/www.messinaoggi.it\/website\/wp-json\/wp\/v2\/posts\/11915\/revisions"}],"wp:featuredmedia":[{"embeddable":true,"href":"https:\/\/www.messinaoggi.it\/website\/wp-json\/wp\/v2\/media\/11916"}],"wp:attachment":[{"href":"https:\/\/www.messinaoggi.it\/website\/wp-json\/wp\/v2\/media?parent=11915"}],"wp:term":[{"taxonomy":"category","embeddable":true,"href":"https:\/\/www.messinaoggi.it\/website\/wp-json\/wp\/v2\/categories?post=11915"},{"taxonomy":"post_tag","embeddable":true,"href":"https:\/\/www.messinaoggi.it\/website\/wp-json\/wp\/v2\/tags?post=11915"}],"curies":[{"name":"wp","href":"https:\/\/api.w.org\/{rel}","templated":true}]}}