{"id":119130,"date":"2022-08-25T19:07:54","date_gmt":"2022-08-25T17:07:54","guid":{"rendered":"https:\/\/www.messinaoggi.it\/website\/2022\/08\/25\/letta-asili-nido-gratuiti-e-scuola-dinfanzia-obbligatoria\/"},"modified":"2022-08-25T19:07:54","modified_gmt":"2022-08-25T17:07:54","slug":"letta-asili-nido-gratuiti-e-scuola-dinfanzia-obbligatoria","status":"publish","type":"post","link":"https:\/\/www.messinaoggi.it\/website\/2022\/08\/25\/letta-asili-nido-gratuiti-e-scuola-dinfanzia-obbligatoria\/","title":{"rendered":"Letta \u201cAsili nido gratuiti e scuola d\u2019infanzia obbligatoria\u201d"},"content":{"rendered":"<div>ROMA (ITALPRESS) &#8211; &#8220;La nostra proposta \u00e8 l&#8217;estensione dell&#8217;offerta e la tendenziale gratuit\u00e0 per gli asili nido da 0-3 anni. E poi la scuola infanzia (3-6 anni) universale, gratuita e quindi obbligatoria&#8221;. Lo ha detto il segretario del Partito Democratico, Enrico Letta, in un video pubblicato su Twitter. &#8220;L&#8217;Ocse ci dice che le disuguaglianze cominciano fin da bambini&#8221; e &#8220;purtroppo il destino di quei bambini e di quelle bambine che per motivi economici non possono andare a scuola \u00e8 segnato da subito: le disuguaglianze aumentano&#8221;, sottolinea. &#8220;Se faremo cos\u00ec nessun destino sar\u00e0 gi\u00e0 scritto, se faremo cos\u00ec aiuteremo le famiglie pi\u00f9 bisognose e soprattutto daremo un futuro ai nostri bambini e alle nostre bambine, daremo loro la possibilit\u00e0 di farcela&#8221;.<div id=\"div-gpt-ad-Messinaoggi.it-DSK-300x250-corpoart\" style=\"text-align:center;margin:0 auto;\"><\/div><\/p>\n<p>Foto: agenziafotogramma.it<div id=\"videoincontent\" style=\"clear:both\";><\/div><\/p>\n<p>(ITALPRESS).<\/p><\/div>\n","protected":false},"excerpt":{"rendered":"<p>ROMA (ITALPRESS) &#8211; &#8220;La nostra proposta \u00e8 l&#8217;estensione dell&#8217;offerta e la tendenziale gratuit\u00e0 per gli asili nido da 0-3 anni. E poi la scuola infanzia (3-6 anni) universale, gratuita e quindi obbligatoria&#8221;. Lo ha detto il segretario del Partito Democratico, Enrico Letta, in un video pubblicato su Twitter. &#8220;L&#8217;Ocse ci dice che le disuguaglianze cominciano [&hellip;]<\/p>\n","protected":false},"author":18,"featured_media":119131,"comment_status":"closed","ping_status":"closed","sticky":false,"template":"","format":"standard","meta":{"ub_ctt_via":"","_mi_skip_tracking":false},"categories":[446],"tags":[783],"featured_image_src":"https:\/\/www.messinaoggi.it\/website\/wp-content\/uploads\/2022\/08\/letta_Agenzia_Fotogramma_IPA30481766.jpg","author_info":{"display_name":"Admin","author_link":"https:\/\/www.messinaoggi.it\/website\/author\/admin\/"},"digistream_id":0,"digistream":false,"_links":{"self":[{"href":"https:\/\/www.messinaoggi.it\/website\/wp-json\/wp\/v2\/posts\/119130"}],"collection":[{"href":"https:\/\/www.messinaoggi.it\/website\/wp-json\/wp\/v2\/posts"}],"about":[{"href":"https:\/\/www.messinaoggi.it\/website\/wp-json\/wp\/v2\/types\/post"}],"author":[{"embeddable":true,"href":"https:\/\/www.messinaoggi.it\/website\/wp-json\/wp\/v2\/users\/18"}],"replies":[{"embeddable":true,"href":"https:\/\/www.messinaoggi.it\/website\/wp-json\/wp\/v2\/comments?post=119130"}],"version-history":[{"count":0,"href":"https:\/\/www.messinaoggi.it\/website\/wp-json\/wp\/v2\/posts\/119130\/revisions"}],"wp:featuredmedia":[{"embeddable":true,"href":"https:\/\/www.messinaoggi.it\/website\/wp-json\/wp\/v2\/media\/119131"}],"wp:attachment":[{"href":"https:\/\/www.messinaoggi.it\/website\/wp-json\/wp\/v2\/media?parent=119130"}],"wp:term":[{"taxonomy":"category","embeddable":true,"href":"https:\/\/www.messinaoggi.it\/website\/wp-json\/wp\/v2\/categories?post=119130"},{"taxonomy":"post_tag","embeddable":true,"href":"https:\/\/www.messinaoggi.it\/website\/wp-json\/wp\/v2\/tags?post=119130"}],"curies":[{"name":"wp","href":"https:\/\/api.w.org\/{rel}","templated":true}]}}