{"id":11910,"date":"2017-11-24T16:47:30","date_gmt":"2017-11-24T15:47:30","guid":{"rendered":"http:\/\/www.messinaoggi.it\/website\/?p=11910"},"modified":"2017-11-24T16:47:30","modified_gmt":"2017-11-24T15:47:30","slug":"de-luca-i-legali-mano-nera-giudiziaria-nel-tribunale-di-messina-resta-lattentato-mafioso-per-farlo-fuori","status":"publish","type":"post","link":"https:\/\/www.messinaoggi.it\/website\/2017\/11\/24\/de-luca-i-legali-mano-nera-giudiziaria-nel-tribunale-di-messina-resta-lattentato-mafioso-per-farlo-fuori\/","title":{"rendered":"I legali di De Luca: &quot;Mano nera giudiziaria nel Tribunale di Messina&quot;"},"content":{"rendered":"<p style=\"text-align: justify;\">\u201cL&#8217;assoluzione di Cateno De Luca da tutti i reati contestatigli in relazione al cosiddetto &#8216;Sacco di Fiumedinisi&#8217; e l&#8217;azzeramento di tutti i reati e di tutte le misure cautelari personali e reali da due organi giurisdizionali nello stesso Tribunale, il giudice delle indagini preliminari e il Tribunale della libert\u00e0, dimostrano senza il minimo dubbio che una \u2018mano nera\u2019 si aggira negli uffici giudiziari di Messina, la quale da tempo ha deciso che l&#8217;opera antimafia e antimassonica del deputato siciliano debba essere fermata.<div id=\"div-gpt-ad-Messinaoggi.it-DSK-300x250-corpoart\" style=\"text-align:center;margin:0 auto;\"><\/div><\/p>\n<p style=\"text-align: justify;\">Cos\u00ec i difensori del parlamentare di Sicilia Vera, gli avvocati prof. Carlo Taormina e Tommaso Micalizzi che proseguono: \u201cBisogna dare atto alla magistratura illuminata di quel Tribunale di aver avuto il coraggio di elevare barricate di onest\u00e0 contro questi inverecondi attacchi perpetrati verso un uomo delle istituzioni che ha il torto di fare politica solo con la buona amministrazione e che ha avuto l&#8217;ardire di volersi impegnare per la ripulitura del verminaio messinese che abbraccia centri di potere, universit\u00e0 e uffici giudiziari\u201d.<div id=\"videoincontent\" style=\"clear:both\";><\/div><\/p>\n<p style=\"text-align: justify;\">\u201cC&#8217;\u00e8 da augurarsi che si comprenda come, dopo l&#8217;abbattimento di ogni iniziativa giudiziaria criminalmente ideata per far fuori Cateno De Luca, il deputato regionale sia esposto all&#8217;unica cosa contro la quale la storia siciliana dimostra che \u00e8 impossibile combattere: un attentato mafioso che, ove si dovesse verificare, non potr\u00e0 essere negato che sia stato &#8220;ordinato&#8221; dagli stessi ambienti che da sette anni muovono la \u2018mano nera giudiziaria\u2019&#8221;.<\/p>\n<p style=\"text-align: justify;\">\u201cRimarr\u00e0 nella storia della Repubblica l&#8217;arresto di un parlamentare dopo due giorni dalla sua elezione, a dimostrazione di quel metodo mafioso che ha lasciato tanti cadaveri sulle vie della Sicilia.<\/p>\n<p style=\"text-align: justify;\">Rimarr\u00e0, altres\u00ec, nella storia la persecuzione penale che Cateno De Luca non si stancher\u00e0 di contrastare, fino a quando non vadano in galera coloro, magistrati o non magistrati, che gli hanno imposto l&#8217;onta del carcere\u201d.<\/p>\n","protected":false},"excerpt":{"rendered":"<p>\u201cL&#8217;assoluzione di Cateno De Luca da tutti i reati contestatigli in relazione al cosiddetto &#8216;Sacco di Fiumedinisi&#8217; e l&#8217;azzeramento di tutti i reati e di tutte le misure cautelari personali e reali da due organi giurisdizionali nello stesso Tribunale, il giudice delle indagini preliminari e il Tribunale della libert\u00e0, dimostrano senza il minimo dubbio che [&hellip;]<\/p>\n","protected":false},"author":7,"featured_media":11679,"comment_status":"closed","ping_status":"open","sticky":false,"template":"","format":"standard","meta":{"ub_ctt_via":"","_mi_skip_tracking":false},"categories":[6],"tags":[],"featured_image_src":"https:\/\/www.messinaoggi.it\/website\/wp-content\/uploads\/2017\/11\/23755559_2077012012526778_1794584763695266792_n.jpg","author_info":{"display_name":"Redazione1","author_link":"https:\/\/www.messinaoggi.it\/website\/author\/redazione1\/"},"digistream_id":0,"digistream":false,"_links":{"self":[{"href":"https:\/\/www.messinaoggi.it\/website\/wp-json\/wp\/v2\/posts\/11910"}],"collection":[{"href":"https:\/\/www.messinaoggi.it\/website\/wp-json\/wp\/v2\/posts"}],"about":[{"href":"https:\/\/www.messinaoggi.it\/website\/wp-json\/wp\/v2\/types\/post"}],"author":[{"embeddable":true,"href":"https:\/\/www.messinaoggi.it\/website\/wp-json\/wp\/v2\/users\/7"}],"replies":[{"embeddable":true,"href":"https:\/\/www.messinaoggi.it\/website\/wp-json\/wp\/v2\/comments?post=11910"}],"version-history":[{"count":0,"href":"https:\/\/www.messinaoggi.it\/website\/wp-json\/wp\/v2\/posts\/11910\/revisions"}],"wp:featuredmedia":[{"embeddable":true,"href":"https:\/\/www.messinaoggi.it\/website\/wp-json\/wp\/v2\/media\/11679"}],"wp:attachment":[{"href":"https:\/\/www.messinaoggi.it\/website\/wp-json\/wp\/v2\/media?parent=11910"}],"wp:term":[{"taxonomy":"category","embeddable":true,"href":"https:\/\/www.messinaoggi.it\/website\/wp-json\/wp\/v2\/categories?post=11910"},{"taxonomy":"post_tag","embeddable":true,"href":"https:\/\/www.messinaoggi.it\/website\/wp-json\/wp\/v2\/tags?post=11910"}],"curies":[{"name":"wp","href":"https:\/\/api.w.org\/{rel}","templated":true}]}}