{"id":11907,"date":"2017-11-24T15:44:59","date_gmt":"2017-11-24T14:44:59","guid":{"rendered":"http:\/\/www.messinaoggi.it\/website\/?p=11907"},"modified":"2017-11-24T15:44:59","modified_gmt":"2017-11-24T14:44:59","slug":"violenza-di-genere-siracusano-va-colpita-attuando-protocollo-interistituzionale-2015","status":"publish","type":"post","link":"https:\/\/www.messinaoggi.it\/website\/2017\/11\/24\/violenza-di-genere-siracusano-va-colpita-attuando-protocollo-interistituzionale-2015\/","title":{"rendered":"Violenza di genere, Siracusano: Va colpita attuando Protocollo Interistituzionale 2015"},"content":{"rendered":"<p style=\"text-align: justify\">In occasione dell\u2019importante \u201cGiornata internazionale per l&#8217;eliminazione della violenza contro le donne\u201d domani &#8211; 25 novembre, il <strong>consigliere comunale Giuseppe Siracusano ha ritenuto doveroso interrogare l\u2019Amministrazione comunale circa le concrete iniziative poste in essere per la prevenzione ed il contrasto della violenza di genere.<\/strong><div id=\"div-gpt-ad-Messinaoggi.it-DSK-300x250-corpoart\" style=\"text-align:center;margin:0 auto;\"><\/div><\/p>\n<p style=\"text-align: justify\">La ricorrenza \u00e8 stata istituita dall&#8217;Assemblea generale delle Nazioni Unite e l\u2019esponente del Pd, recentemente insediatosi, <strong>ha rispolverato le misure e le iniziative volte alla piena attuazione ed esecuzione del Protocollo di Intesa Interistituzionale per questa finalit\u00e0 nella Citt\u00e0 di Messina, siglato dal Comune gi\u00e0 nel 2015 e promosso dal Cedav-Centro Donne Antiviolenza di Messina, che lo coordina unitamente alla Prefettura<\/strong>. Questo accordo vede la partecipazione di numerosi e ragguardevoli soggetti istituzionali e non (Tribunale di Messina, Procura della Repubblica presso il Tribunale di Messina, Tribunale dei Minorenni di Messina, Procura della Repubblica presso il Tribunale dei Minorenni, Ufficio di Servizio Sociale per i Minorenni, Aziende Ospedaliere di Messina, ASP 5 di Messina, Consultori Familiari della citt\u00e0 di Messina, Ufficio Scolastico Provinciale, Consiglio dell\u2019Ordine degli Avvocati di Messina).<div id=\"videoincontent\" style=\"clear:both\";><\/div><\/p>\n<p style=\"text-align: justify\">\u201c<strong>L\u2019attivit\u00e0 di Palazzo Zanca deve essere necessariamente caratterizzata anche da metodi concreti ed efficaci in tutti i casi di violenza e di abuso gi\u00e0 verificatisi e per i quali occorre una risposta ed un sostegno immediato &#8211; dice Siracusano -. Sotto tale aspetto, invece, l\u2019azione governativa deve essere pi\u00f9 incisiva<\/strong>\u201d.<\/p>\n<p style=\"text-align: justify\">\u201cQuesta Amministrazione ed in particolare l\u2019Assessore Santisi si sono contraddistinte per un convinto potenziamento di tutte le iniziative destinate all\u2019irrinunciabile sensibilizzazione dell\u2019opinione pubblica &#8211; continua -, attraverso la sinergia con soggetti ed associazioni che svolgono nel territorio l\u2019importante funzione di denuncia del fenomeno. Tale sostegno \u00e8 indispensabile ad indebolire anche tutte quelle \u201cstrutture culturali\u201d che ne sono alla base, nutrono e muovono il fenomeno\u201d.<\/p>\n<p style=\"text-align: justify\">Il protocollo in questione \u00e8 uno strumento formidabile offerto alla Citt\u00e0 ed alle donne ed ai figli minori vittime di violenza. Con esso si \u00e8 inteso impegnare i sottoscrittori a predisporre in tutto il territorio della Citt\u00e0 gli strumenti per una programmazione e gestione integrata di interventi in favore delle donne vittime di violenza e di abuso.<\/p>\n<p style=\"text-align: justify\">\u201cIl documento intende perseguire il meritorio obiettivo di creare metodologie di lavoro integrate, in grado di mettere in relazione associazioni, istituzioni e servizi al fine di garantire supporto completo alla donna attraverso la soddisfazione delle sue primarie necessit\u00e0. In particolare, recepisce la necessit\u00e0 di stabilire modalit\u00e0 scritte e codificate di relazione tra servizi per garantire tutta la protezione (fisica, legale), l\u2019accoglienza e il sostegno (psicologico, sociale, l\u2019orientamento, ma anche economico e abitativo) necessari non solo a superare il momento dell\u2019emergenza, ma anche e soprattutto per accompagnare la donna nella costruzione, o nella riappropriazione, di una vita indipendente\u201d.<\/p>\n<p style=\"text-align: justify\">Solo ci\u00f2 consente, concretamente, un approccio sistemico al problema della violenza che permetta di andare oltre al semplice intervento assistenziale, razionalizzando le forze e le risorse, permettendo di progettare interventi di supporto e reinserimento della donna nel proprio contesto territoriale (ad esempio, attraverso la ricerca di un impiego, o di un alloggio) e di prevenzione (all\u2019interno delle scuole, o nel mondo dell\u2019associazionismo) coerenti gli uni con gli altri, nonch\u00e9 di fornire alla donna tutte le informazioni di cui ha bisogno, senza frammentare gli interventi.<\/p>\n<p style=\"text-align: justify\">La concreta e piena attuazione del protocollo garantisce quindi una risposta globale, non frammentaria, alla donna, ma assicura anche un aiuto agli operatori del settore.<\/p>\n<p style=\"text-align: justify\">\u201cPer tali ragioni si auspica che gli adempimenti previsti dal protocollo a carico dell\u2019Ente siano pienamente realizzati ed in particolare &#8211; conclude Siracusano &#8211; che: nel pi\u00f9 breve tempo possibile venga individuata nel territorio comunale una Casa di accoglienza per donne maltrattate e che al tal fine siano poste in essere iniziative\u00a0 al fine di reperire per questo servizio finanziamenti regionali, statali e\/o comunitari; nelle more siano individuate strutture di accoglienza convenzionate per l&#8217;inserimento di donne maltrattate con figli minori; sia inserita nei Piani Sociali di Zona del Centro Donne Antiviolenza in ogni ambito territoriale una Casa di accoglienza per donne maltrattate; che siano attivati appositi corsi finalizzati ad offrire un&#8217;adeguata formazione\u00a0 agli\u00a0 operatori\u00a0 sociali\u00a0 pubblici\/privati e agli operatori delle forze dell&#8217;ordine sul tema della violenza\u00a0 alle donne\u201d.<\/p>\n","protected":false},"excerpt":{"rendered":"<p>In occasione dell\u2019importante \u201cGiornata internazionale per l&#8217;eliminazione della violenza contro le donne\u201d domani &#8211; 25 novembre, il consigliere comunale Giuseppe Siracusano ha ritenuto doveroso interrogare l\u2019Amministrazione comunale circa le concrete iniziative poste in essere per la prevenzione ed il contrasto della violenza di genere. La ricorrenza \u00e8 stata istituita dall&#8217;Assemblea generale delle Nazioni Unite e [&hellip;]<\/p>\n","protected":false},"author":7,"featured_media":11524,"comment_status":"closed","ping_status":"open","sticky":false,"template":"","format":"standard","meta":{"ub_ctt_via":"","_mi_skip_tracking":false},"categories":[4],"tags":[],"featured_image_src":"https:\/\/www.messinaoggi.it\/website\/wp-content\/uploads\/2017\/11\/insediamento-siracusanoRRP_4391.jpg","author_info":{"display_name":"Redazione1","author_link":"https:\/\/www.messinaoggi.it\/website\/author\/redazione1\/"},"digistream_id":0,"digistream":false,"_links":{"self":[{"href":"https:\/\/www.messinaoggi.it\/website\/wp-json\/wp\/v2\/posts\/11907"}],"collection":[{"href":"https:\/\/www.messinaoggi.it\/website\/wp-json\/wp\/v2\/posts"}],"about":[{"href":"https:\/\/www.messinaoggi.it\/website\/wp-json\/wp\/v2\/types\/post"}],"author":[{"embeddable":true,"href":"https:\/\/www.messinaoggi.it\/website\/wp-json\/wp\/v2\/users\/7"}],"replies":[{"embeddable":true,"href":"https:\/\/www.messinaoggi.it\/website\/wp-json\/wp\/v2\/comments?post=11907"}],"version-history":[{"count":0,"href":"https:\/\/www.messinaoggi.it\/website\/wp-json\/wp\/v2\/posts\/11907\/revisions"}],"wp:featuredmedia":[{"embeddable":true,"href":"https:\/\/www.messinaoggi.it\/website\/wp-json\/wp\/v2\/media\/11524"}],"wp:attachment":[{"href":"https:\/\/www.messinaoggi.it\/website\/wp-json\/wp\/v2\/media?parent=11907"}],"wp:term":[{"taxonomy":"category","embeddable":true,"href":"https:\/\/www.messinaoggi.it\/website\/wp-json\/wp\/v2\/categories?post=11907"},{"taxonomy":"post_tag","embeddable":true,"href":"https:\/\/www.messinaoggi.it\/website\/wp-json\/wp\/v2\/tags?post=11907"}],"curies":[{"name":"wp","href":"https:\/\/api.w.org\/{rel}","templated":true}]}}