{"id":119027,"date":"2022-08-25T12:02:55","date_gmt":"2022-08-25T10:02:55","guid":{"rendered":"https:\/\/www.messinaoggi.it\/website\/2022\/08\/25\/a-corleone-campi-di-formazione-sui-beni-confiscati-alla-mafia\/"},"modified":"2022-08-25T12:02:55","modified_gmt":"2022-08-25T10:02:55","slug":"a-corleone-campi-di-formazione-sui-beni-confiscati-alla-mafia","status":"publish","type":"post","link":"https:\/\/www.messinaoggi.it\/website\/2022\/08\/25\/a-corleone-campi-di-formazione-sui-beni-confiscati-alla-mafia\/","title":{"rendered":"A Corleone campi di formazione sui beni confiscati alla mafia"},"content":{"rendered":"<div>\n<p>CORLEONE (PALERMO) (ITALPRESS) \u2013 Dopo due anni di pausa forzata, a causa della pandemia, i campi di impegno e formazione sui beni confiscati alle mafie di E!state Liberi!, nell\u2019Alto Belice Corleonese, ripartono da Corleone. E!state Liberi! \u00e8 un progetto promosso dall\u2019associazione Libera, finalizzato alla valorizzazione e alla promozione del riutilizzo sociale dei beni confiscati e sequestrati alle mafie, nonch\u00e8 alla formazione dei partecipanti sui temi dell\u2019antimafia sociale e alla conoscenza dei territori coinvolti, attraverso specifici<br \/>momenti di impegno concreto in collaborazione con gli attori sociali dell\u2019associazione.<br \/>Saranno 12 i campisti che prenderanno parte all\u2019iniziativa, organizzata grazie alla collaborazione con la Cgil  Palermo e lo Spi Cgil  Palermo, che inizier\u00e0 il 29 agosto e si concluder\u00e0 il 4 settembre. Giovani e non provenienti da tutta Italia saranno ospiti della cooperativa Pio La Torre \u2013 Libera Terra presso l\u2019Agriturismo Terre di Corleone, bene confiscato alla mafia in contrada Drago, a 7 chilometri dal centro urbano del paese. Durante il corso della settimana i ragazzi avranno modo di conoscere l\u2019attivit\u00e0 di valorizzazione dei beni confiscati condotta dalla cooperativa e la bellezza restituita a questi grazie al suo lavoro. Al contempo avranno la possibilit\u00e0, grazie alla collaborazione con la Cgil  Palermo e lo Spi Cgil   Palermo, di vivere e conoscere la storia di Corleone il ruolo di riferimento che ha sempre avuto per l\u2019intero territorio e la sua travagliata evoluzione sociale inevitabilmente influenzata dalla presenza della mafia a cui per\u00f2 si \u00e8 sempre contrapposto un solido movimento antimafioso che partiva dal rivendicare i diritti per i pi\u00f9 deboli.<br \/>\u201cVogliamo che i partecipanti tocchino con mano e vedano con i propri occhi \u2013 dice  Francesco Citarda, responsabile del campo \u2013 quali sono i benefici concreti che il riutilizzo sociale dei beni confiscati pu\u00f2 comportare per il territorio e la comunit\u00e0. Vogliamo che comprendano che i Corleonesi sono un popolo, non una cosca mafiosa. Un popolo che ha sempre lottato contro la mafia rivendicando diritti. Gli stessi diritti, in primis il lavoro, che Libera Terra vuole generare grazie al riutilizzo sociale dei beni confiscati\u201d.<br \/>\u201cE\u2019 significativo un campo di impegno e conoscenza a Corleone, dove nel 1996 sono state raccolte le prime firme a sostegno di una legge per l\u2019uso sociale dei beni confiscati \u2013 dicono Mario Ridulfo, segretario generale Cgil Palermo, Dino Paternostro, responsabile dipartimento Legalit\u00e0 e memoria storica, e Cosimo Lo Sciuto, segretario della Camera del lavoro di Corleone -. E\u2019 importante organizzarlo nel nome di Pio La Torre, padre della legge che ha introdotto il reato di mafia e la confisca dei beni di provenienza illecita. La Cgil partecipa con interesse e sostiene con grande convinzione queste iniziative di antimafia<br \/>sociale ed indica nel lavoro legale e sicuro, nella giustizia sociale e nello sviluppo la strada da continuare a percorrere per dare un futuro alla nostra terra\u201d.<br \/>credit photo agenziafotogramma.it<br \/>(ITALPRESS).<div id=\"div-gpt-ad-Messinaoggi.it-DSK-300x250-corpoart\" style=\"text-align:center;margin:0 auto;\"><\/div><\/p>\n<\/div>\n<div id=\"videoincontent\" style=\"clear:both\";><\/div>","protected":false},"excerpt":{"rendered":"<p>CORLEONE (PALERMO) (ITALPRESS) \u2013 Dopo due anni di pausa forzata, a causa della pandemia, i campi di impegno e formazione sui beni confiscati alle mafie di E!state Liberi!, nell\u2019Alto Belice Corleonese, ripartono da Corleone. E!state Liberi! \u00e8 un progetto promosso dall\u2019associazione Libera, finalizzato alla valorizzazione e alla promozione del riutilizzo sociale dei beni confiscati e [&hellip;]<\/p>\n","protected":false},"author":18,"featured_media":119028,"comment_status":"closed","ping_status":"closed","sticky":false,"template":"","format":"standard","meta":{"ub_ctt_via":"","_mi_skip_tracking":false},"categories":[2449],"tags":[783],"featured_image_src":"https:\/\/www.messinaoggi.it\/website\/wp-content\/uploads\/2022\/08\/20220825_0347.jpg","author_info":{"display_name":"Admin","author_link":"https:\/\/www.messinaoggi.it\/website\/author\/admin\/"},"digistream_id":0,"digistream":false,"_links":{"self":[{"href":"https:\/\/www.messinaoggi.it\/website\/wp-json\/wp\/v2\/posts\/119027"}],"collection":[{"href":"https:\/\/www.messinaoggi.it\/website\/wp-json\/wp\/v2\/posts"}],"about":[{"href":"https:\/\/www.messinaoggi.it\/website\/wp-json\/wp\/v2\/types\/post"}],"author":[{"embeddable":true,"href":"https:\/\/www.messinaoggi.it\/website\/wp-json\/wp\/v2\/users\/18"}],"replies":[{"embeddable":true,"href":"https:\/\/www.messinaoggi.it\/website\/wp-json\/wp\/v2\/comments?post=119027"}],"version-history":[{"count":0,"href":"https:\/\/www.messinaoggi.it\/website\/wp-json\/wp\/v2\/posts\/119027\/revisions"}],"wp:featuredmedia":[{"embeddable":true,"href":"https:\/\/www.messinaoggi.it\/website\/wp-json\/wp\/v2\/media\/119028"}],"wp:attachment":[{"href":"https:\/\/www.messinaoggi.it\/website\/wp-json\/wp\/v2\/media?parent=119027"}],"wp:term":[{"taxonomy":"category","embeddable":true,"href":"https:\/\/www.messinaoggi.it\/website\/wp-json\/wp\/v2\/categories?post=119027"},{"taxonomy":"post_tag","embeddable":true,"href":"https:\/\/www.messinaoggi.it\/website\/wp-json\/wp\/v2\/tags?post=119027"}],"curies":[{"name":"wp","href":"https:\/\/api.w.org\/{rel}","templated":true}]}}