{"id":118971,"date":"2022-08-24T18:17:50","date_gmt":"2022-08-24T16:17:50","guid":{"rendered":"https:\/\/www.messinaoggi.it\/website\/2022\/08\/24\/in-sicilia-in-calo-i-casi-di-covid-a-rischio-gli-over-60\/"},"modified":"2022-08-24T18:17:50","modified_gmt":"2022-08-24T16:17:50","slug":"in-sicilia-in-calo-i-casi-di-covid-a-rischio-gli-over-60","status":"publish","type":"post","link":"https:\/\/www.messinaoggi.it\/website\/2022\/08\/24\/in-sicilia-in-calo-i-casi-di-covid-a-rischio-gli-over-60\/","title":{"rendered":"In Sicilia in calo i casi di Covid, a rischio gli over 60"},"content":{"rendered":"<div>\n<p>PALERMO (ITALPRESS) \u2013 Nella settimana dal 15 al 21 agosto si registra un decremento dei nuovi casi di Covid con un\u2019incidenza pari a 14.809 (-27%) e un valore cumulativo di 308\/100.000 abitanti. Il tasso di nuovi positivi pi\u00f9 elevato rispetto alla media regionale si \u00e8 registrato nelle province di Messina (437\/100.000 abitanti), Trapani (358\/100.000) e Agrigento (336\/100.000). Le fasce d\u2019et\u00e0 maggiormente a rischio risultano quelle tra i 70 ed i 79 anni (403\/100.000), tra i 60 e i 69 anni (401\/100.000) e tra gli 80 e gli 89 anni (357\/100.000). Anche le nuove ospedalizzazioni sono in lieve diminuzione. Pi\u00f9 di met\u00e0 dei pazienti in ospedale nella settimana di riferimento risultano al sistema non vaccinati.  E\u2019 quanto emerge dal bollettino settimanale Dasoe inviato dalla Regione Siciliana in merito all\u2019epidemia Covid sul territorio regionale.<br \/>I dati relativi alla campagna vaccinale fanno riferimento al periodo dal 17 al 23 agosto. Nella fascia d\u2019et\u00e0 5-11 anni, i vaccinati con almeno una dose si attestano al 26,45% del target regionale. Hanno completato il ciclo primario vaccinale 70.120 bambini, pari al 22,75%. Gli over 12 anni vaccinati con almeno una dose si attestano al 90,71%, mentre ha completato il ciclo primario l\u201989,39% del target regionale. I vaccinati con terza dose sono 2.759.712 pari al 72,28% degli aventi diritto. Sono 1.058.498 i cittadini che, maturato il diritto di ricevere la terza dose, non l\u2019hanno ancora effettuata.<br \/>Dal primo marzo \u00e8 iniziata la somministrazione della quarta dose nei soggetti over 12 con marcata compromissione della risposta immunitaria e che hanno gi\u00e0 completato il ciclo vaccinale primario con tre dosi da almeno 120 giorni. Dal 13 luglio \u00e8 stata avviata la vaccinazione della quarta dose a tutti gli over 60 e alle persone ad elevata fragilit\u00e0 over 12 anni, purch\u00e8 sia trascorso un intervallo minimo di almeno 120 giorni dalla prima dose di richiamo (terza dose) o dall\u2019ultima infezione successiva al richiamo (data del test diagnostico positivo). Dal primo marzo sono state effettuate 98.159 somministrazioni di quarta dose di cui 45.979 a soggetti over 80.<br \/>(ITALPRESS).<div id=\"div-gpt-ad-Messinaoggi.it-DSK-300x250-corpoart\" style=\"text-align:center;margin:0 auto;\"><\/div><\/p>\n<\/div>\n<div id=\"videoincontent\" style=\"clear:both\";><\/div>","protected":false},"excerpt":{"rendered":"<p>PALERMO (ITALPRESS) \u2013 Nella settimana dal 15 al 21 agosto si registra un decremento dei nuovi casi di Covid con un\u2019incidenza pari a 14.809 (-27%) e un valore cumulativo di 308\/100.000 abitanti. Il tasso di nuovi positivi pi\u00f9 elevato rispetto alla media regionale si \u00e8 registrato nelle province di Messina (437\/100.000 abitanti), Trapani (358\/100.000) e [&hellip;]<\/p>\n","protected":false},"author":18,"featured_media":118972,"comment_status":"closed","ping_status":"closed","sticky":false,"template":"","format":"standard","meta":{"ub_ctt_via":"","_mi_skip_tracking":false},"categories":[2449],"tags":[783],"featured_image_src":"https:\/\/www.messinaoggi.it\/website\/wp-content\/uploads\/2022\/08\/20220824_1643.jpg","author_info":{"display_name":"Admin","author_link":"https:\/\/www.messinaoggi.it\/website\/author\/admin\/"},"digistream_id":0,"digistream":false,"_links":{"self":[{"href":"https:\/\/www.messinaoggi.it\/website\/wp-json\/wp\/v2\/posts\/118971"}],"collection":[{"href":"https:\/\/www.messinaoggi.it\/website\/wp-json\/wp\/v2\/posts"}],"about":[{"href":"https:\/\/www.messinaoggi.it\/website\/wp-json\/wp\/v2\/types\/post"}],"author":[{"embeddable":true,"href":"https:\/\/www.messinaoggi.it\/website\/wp-json\/wp\/v2\/users\/18"}],"replies":[{"embeddable":true,"href":"https:\/\/www.messinaoggi.it\/website\/wp-json\/wp\/v2\/comments?post=118971"}],"version-history":[{"count":0,"href":"https:\/\/www.messinaoggi.it\/website\/wp-json\/wp\/v2\/posts\/118971\/revisions"}],"wp:featuredmedia":[{"embeddable":true,"href":"https:\/\/www.messinaoggi.it\/website\/wp-json\/wp\/v2\/media\/118972"}],"wp:attachment":[{"href":"https:\/\/www.messinaoggi.it\/website\/wp-json\/wp\/v2\/media?parent=118971"}],"wp:term":[{"taxonomy":"category","embeddable":true,"href":"https:\/\/www.messinaoggi.it\/website\/wp-json\/wp\/v2\/categories?post=118971"},{"taxonomy":"post_tag","embeddable":true,"href":"https:\/\/www.messinaoggi.it\/website\/wp-json\/wp\/v2\/tags?post=118971"}],"curies":[{"name":"wp","href":"https:\/\/api.w.org\/{rel}","templated":true}]}}