{"id":118969,"date":"2022-08-24T18:07:53","date_gmt":"2022-08-24T16:07:53","guid":{"rendered":"https:\/\/www.messinaoggi.it\/website\/2022\/08\/24\/vaccino-figliuolo-146-mln-dosi-distribuite-hub-strategico-per-paese\/"},"modified":"2022-08-25T16:38:43","modified_gmt":"2022-08-25T14:38:43","slug":"vaccino-figliuolo-146-mln-dosi-distribuite-hub-strategico-per-paese","status":"publish","type":"post","link":"https:\/\/www.messinaoggi.it\/website\/2022\/08\/24\/vaccino-figliuolo-146-mln-dosi-distribuite-hub-strategico-per-paese\/","title":{"rendered":"Vaccino, Figliuolo \u201c146 mln dosi distribuite, hub strategico per Paese\u201d"},"content":{"rendered":"<div>ROMA (ITALPRESS) &#8211; &#8220;La vaccinazione ha coinvolto numeri elevatissimi: quando ho terminato eravamo a quasi 146 milioni di dosi distribuite&#8221;. Lo afferma Francesco Paolo Figliuolo, gi\u00e0 commissario straordinario per l&#8217;emergenza Covid-19, al Meeting di Rimini. &#8220;Noi oggi abbiamo un hub strategico a disposizione della nazione, gestito dalla Difesa, che pu\u00f2 contenere oltre 20 milioni di vaccini a meno 20 e circa due milioni e mezzo di vaccini a meno 80. Questa \u00e8 una capacit\u00e0 che \u00e8 derivata dalle lezioni apprese&#8221;, spiega.<br \/>&#8220;Appena appena nominato per me \u00e8 stato un p\u00f2 quasi un lampo nel cielo&#8221;, la nomina &#8220;\u00e8 stata abbastanza inaspettata: sono stato contattato qualche giorno prima e ringrazio ancora oggi il presidente Draghi per la fiducia che ha voluto darmi, ovviamente su indicazione del ministro Guerini&#8221;, ricorda Figliuolo. &#8220;Ci sono state da fare molte attivit\u00e0 di tipo amministrativo: sicuramente serviva avere una struttura chiara con una verticalit\u00e0 delle decisioni&#8221;, spiega. &#8220;Nella campagna vaccinale che fissava sostanzialmente le linee operative, l&#8217;obiettivo era quello di vaccinare l&#8217;ottanta per cento della popolazione che poteva essere allora vaccinata e ho fissato l&#8217;obiettivo di arrivare a fine settembre. Poi la platea nel corso del tempo \u00e8 cambiata&#8221; e &#8220;l&#8217;obiettivo \u00e8 stato raggiunto 10 giorni dopo, per\u00f2 credo che con quei numeri cos\u00ec elevati possiamo quasi autoassolverci di quel piccolo ritardo&#8221;. Inoltre, &#8220;nel frattempo due dei quattro vaccini allora disponibili a maggio furono bloccati due vaccini, che potevano essere somministrati solo agli over 60, quindi sostanzialmente obiettivo raggiunto&#8221;.<div id=\"div-gpt-ad-Messinaoggi.it-DSK-300x250-corpoart\" style=\"text-align:center;margin:0 auto;\"><\/div><\/p>\n<p>&#8211; foto Agenziafotogramma.it &#8211;<div id=\"videoincontent\" style=\"clear:both\";><\/div><\/p>\n<p>(ITALPRESS).<\/p><\/div>\n","protected":false},"excerpt":{"rendered":"<p>ROMA (ITALPRESS) &#8211; &#8220;La vaccinazione ha coinvolto numeri elevatissimi: quando ho terminato eravamo a quasi 146 milioni di dosi distribuite&#8221;. Lo afferma Francesco Paolo Figliuolo, gi\u00e0 commissario straordinario per l&#8217;emergenza Covid-19, al Meeting di Rimini. &#8220;Noi oggi abbiamo un hub strategico a disposizione della nazione, gestito dalla Difesa, che pu\u00f2 contenere oltre 20 milioni di [&hellip;]<\/p>\n","protected":false},"author":18,"featured_media":118970,"comment_status":"closed","ping_status":"closed","sticky":false,"template":"","format":"standard","meta":{"ub_ctt_via":"","_mi_skip_tracking":false},"categories":[221,446],"tags":[783],"featured_image_src":"https:\/\/www.messinaoggi.it\/website\/wp-content\/uploads\/2022\/08\/20220824_1624.jpg","author_info":{"display_name":"Admin","author_link":"https:\/\/www.messinaoggi.it\/website\/author\/admin\/"},"digistream_id":0,"digistream":false,"_links":{"self":[{"href":"https:\/\/www.messinaoggi.it\/website\/wp-json\/wp\/v2\/posts\/118969"}],"collection":[{"href":"https:\/\/www.messinaoggi.it\/website\/wp-json\/wp\/v2\/posts"}],"about":[{"href":"https:\/\/www.messinaoggi.it\/website\/wp-json\/wp\/v2\/types\/post"}],"author":[{"embeddable":true,"href":"https:\/\/www.messinaoggi.it\/website\/wp-json\/wp\/v2\/users\/18"}],"replies":[{"embeddable":true,"href":"https:\/\/www.messinaoggi.it\/website\/wp-json\/wp\/v2\/comments?post=118969"}],"version-history":[{"count":1,"href":"https:\/\/www.messinaoggi.it\/website\/wp-json\/wp\/v2\/posts\/118969\/revisions"}],"predecessor-version":[{"id":119085,"href":"https:\/\/www.messinaoggi.it\/website\/wp-json\/wp\/v2\/posts\/118969\/revisions\/119085"}],"wp:featuredmedia":[{"embeddable":true,"href":"https:\/\/www.messinaoggi.it\/website\/wp-json\/wp\/v2\/media\/118970"}],"wp:attachment":[{"href":"https:\/\/www.messinaoggi.it\/website\/wp-json\/wp\/v2\/media?parent=118969"}],"wp:term":[{"taxonomy":"category","embeddable":true,"href":"https:\/\/www.messinaoggi.it\/website\/wp-json\/wp\/v2\/categories?post=118969"},{"taxonomy":"post_tag","embeddable":true,"href":"https:\/\/www.messinaoggi.it\/website\/wp-json\/wp\/v2\/tags?post=118969"}],"curies":[{"name":"wp","href":"https:\/\/api.w.org\/{rel}","templated":true}]}}