{"id":118911,"date":"2022-08-24T13:32:50","date_gmt":"2022-08-24T11:32:50","guid":{"rendered":"https:\/\/www.messinaoggi.it\/website\/2022\/08\/24\/senato-barbuto-in-corsa-a-palermo-su-disabilita-politiche-trasversali\/"},"modified":"2022-08-24T13:32:50","modified_gmt":"2022-08-24T11:32:50","slug":"senato-barbuto-in-corsa-a-palermo-su-disabilita-politiche-trasversali","status":"publish","type":"post","link":"https:\/\/www.messinaoggi.it\/website\/2022\/08\/24\/senato-barbuto-in-corsa-a-palermo-su-disabilita-politiche-trasversali\/","title":{"rendered":"Senato, Barbuto in corsa a Palermo \u201cSu disabilit\u00e0 politiche trasversali\u201d"},"content":{"rendered":"<div>\n<p>PALERMO (ITALPRESS) \u2013 Sulla disabilit\u00e0 non servono solo politiche settoriali, ma interventi trasversali su diversi aspetti della vita sociale. Ne \u00e8 convinto Mario Barbuto, candidato del centrodestra al Senato nel collegio uninominale di Palermo.<br \/>\u201cNon occorre solo che si sviluppino politiche specifiche \u2013 spiega Barbuto in un\u2019intervista all\u2019Italpress -. Quando si parla di scuola, di trasporti, di mobilit\u00e0 urbana, di digitale, Pubblica Amministrazione bisogna tenere conto della disabilit\u00e0 e della invalidit\u00e0, altrimenti ci troviamo, come succede moltissime volte, alla situazione paradossale per la quale per esempio gli uffici della disabilit\u00e0 risultano non accessibili alle carrozzine\u201d.<br \/>Anche in questa chiave \u201cabbiamo voluto richiamare l\u2019attenzione su tutte le tematiche del Piano Nazionale di Ripresa e Resilienza, in particolare la telemedicina. L\u2019obiettivo \u00e8 portare la prevenzione alle persone, un aspetto per noi molto importante soprattutto sulla disabilit\u00e0 visiva\u201d.<br \/>Inoltre nelle politiche sulla disabilit\u00e0 \u201c\u00e8 mancato soprattutto l\u2019ascolto delle persone. Siamo un Paese abituato troppo a parlare e poco ad ascoltare\u201d. \u201cAscoltare \u00e8 un atto di umilt\u00e0, lo capisco, \u00e8 molto pi\u00f9 facile dire la propria. Ma prima dire la nostra dobbiamo ascoltare. E\u2019 importante ascoltare le associazioni, perch\u00e8 spesso le soluzioni possono essere indicate dalle stesse persone che vivono i problemi\u201d, sottolinea Barbuto, per il quale \u201cavere una disabilit\u00e0 non significa di per se stesso possedere le ricette e le soluzioni, per\u00f2 \u00e8 importante ascoltare queste persone e i loro problemi nella quotidianit\u00e0. Ricordo spesso che in un Paese dove vivono bene le persone con disabilit\u00e0, le persone pi\u00f9 in difficolt\u00e0, sicuramente vivono meglio tutti\u201d.<br \/>A seguito dalla sua candidatura in quota Lega, Barbuto si \u00e8 autosospeso dalla carica di presidente dell\u2019Unione Italiana Ciechi e Ipovedenti. \u201cNessuna norma statutaria della nostra associazione ci obbliga, per\u00f2 per un fatto etico ho ritenuto ragionevole sospendermi dalle funzioni presidenziali che oggi sono ricoperte dalla vicepresidente \u2013 afferma -. Poi al termine di questo percorso saranno gli organi collegiali a decidere che cosa fare\u201d.<br \/>\u201cLa Lega da parecchi anni ha mostrato attenzione verso le tematiche che a me stanno pi\u00f9 a cuore \u2013 sottolinea poi Barbuto -. Disabilit\u00e0, invalidit\u00e0 e inabilit\u00e0 riguardano non solo le persone colpite da queste tematiche, come sono io stesso, ma anche le loro famiglie, gli operatori scolastici, gli operatori sociali e sanitari. Avrei auspicato che in tutte le forze politiche in questa competizione elettorale ci fosse stato spazio per candidature di questo tipo. Matteo Salvini \u00e8 l\u2019unico che ha risposto positivamente a questo appello senza condizioni e senza chiedere alcun patto\u201d.<br \/>La candidatura a Palermo \u201c\u00e8 stata una scelta legata alla mia sicilianit\u00e0. Ho dovuto lasciare questa terra a 15 anni per andare a studiare a Bologna, dove attualmente vivo. Ma regolarmente torno qui, in Sicilia la nostra associazione ha un\u2019attivit\u00e0 importante. Le radici sono molto importanti\u201d.<br \/>\u201cLa disabilit\u00e0 in Italia riguarda circa cinque milioni di persone, e ci sono due milioni di volontari \u2013 ricorda il candidato del centrodestra al Senato -. Credo che il Terzo Settore abbia diritto a una attenzione maggiore da parte delle istituzioni. E\u2019 molto facile parlarne, \u00e8 molto facile indicarlo come elemento di buona pratica ma alla fine non c\u2019\u00e8 la risposta che ci si attende dalle istituzioni. E\u2019 stato un dispiacere non essere ricevuti dal presidente del Consiglio Draghi in fase di predisposizione del suo programma. E\u2019 nato poi il ministero della Disabilit\u00e0, ma questo si \u00e8 dovuto all\u2019impegno di Matteo Salvini\u201d.<br \/>Per Barbuto \u201cle persone sono fragili se da parte della societ\u00e0 non ci sono le giuste attenzioni, con politiche giuste. Quando ci sono persone fragili la societ\u00e0 si deve preoccupare\u201d.<div id=\"div-gpt-ad-Messinaoggi.it-DSK-300x250-corpoart\" style=\"text-align:center;margin:0 auto;\"><\/div><\/p>\n<p>\u2013 foto Italpress \u2013<div id=\"videoincontent\" style=\"clear:both\";><\/div><\/p>\n<p>(ITALPRESS).<\/p>\n<\/div>\n","protected":false},"excerpt":{"rendered":"<p>PALERMO (ITALPRESS) \u2013 Sulla disabilit\u00e0 non servono solo politiche settoriali, ma interventi trasversali su diversi aspetti della vita sociale. Ne \u00e8 convinto Mario Barbuto, candidato del centrodestra al Senato nel collegio uninominale di Palermo.\u201cNon occorre solo che si sviluppino politiche specifiche \u2013 spiega Barbuto in un\u2019intervista all\u2019Italpress -. Quando si parla di scuola, di trasporti, [&hellip;]<\/p>\n","protected":false},"author":18,"featured_media":118912,"comment_status":"closed","ping_status":"closed","sticky":false,"template":"","format":"standard","meta":{"ub_ctt_via":"","_mi_skip_tracking":false},"categories":[2449],"tags":[783],"featured_image_src":"https:\/\/www.messinaoggi.it\/website\/wp-content\/uploads\/2022\/08\/20220824_0599.jpg","author_info":{"display_name":"Admin","author_link":"https:\/\/www.messinaoggi.it\/website\/author\/admin\/"},"digistream_id":0,"digistream":false,"_links":{"self":[{"href":"https:\/\/www.messinaoggi.it\/website\/wp-json\/wp\/v2\/posts\/118911"}],"collection":[{"href":"https:\/\/www.messinaoggi.it\/website\/wp-json\/wp\/v2\/posts"}],"about":[{"href":"https:\/\/www.messinaoggi.it\/website\/wp-json\/wp\/v2\/types\/post"}],"author":[{"embeddable":true,"href":"https:\/\/www.messinaoggi.it\/website\/wp-json\/wp\/v2\/users\/18"}],"replies":[{"embeddable":true,"href":"https:\/\/www.messinaoggi.it\/website\/wp-json\/wp\/v2\/comments?post=118911"}],"version-history":[{"count":0,"href":"https:\/\/www.messinaoggi.it\/website\/wp-json\/wp\/v2\/posts\/118911\/revisions"}],"wp:featuredmedia":[{"embeddable":true,"href":"https:\/\/www.messinaoggi.it\/website\/wp-json\/wp\/v2\/media\/118912"}],"wp:attachment":[{"href":"https:\/\/www.messinaoggi.it\/website\/wp-json\/wp\/v2\/media?parent=118911"}],"wp:term":[{"taxonomy":"category","embeddable":true,"href":"https:\/\/www.messinaoggi.it\/website\/wp-json\/wp\/v2\/categories?post=118911"},{"taxonomy":"post_tag","embeddable":true,"href":"https:\/\/www.messinaoggi.it\/website\/wp-json\/wp\/v2\/tags?post=118911"}],"curies":[{"name":"wp","href":"https:\/\/api.w.org\/{rel}","templated":true}]}}