{"id":118896,"date":"2022-08-24T12:02:51","date_gmt":"2022-08-24T10:02:51","guid":{"rendered":"https:\/\/www.messinaoggi.it\/website\/2022\/08\/24\/sicilia-in-vetta-per-risorse-del-pnrr-cultura-sottosegretario-borgonzoni-a-palermo-e-trapani\/"},"modified":"2022-08-24T15:38:46","modified_gmt":"2022-08-24T13:38:46","slug":"sicilia-in-vetta-per-risorse-del-pnrr-cultura-sottosegretario-borgonzoni-a-palermo-e-trapani","status":"publish","type":"post","link":"https:\/\/www.messinaoggi.it\/website\/2022\/08\/24\/sicilia-in-vetta-per-risorse-del-pnrr-cultura-sottosegretario-borgonzoni-a-palermo-e-trapani\/","title":{"rendered":"Sicilia in vetta per risorse del Pnrr Cultura, sottosegretario Borgonzoni a Palermo e Trapani"},"content":{"rendered":"<div>\n<p>PALERMO (ITALPRESS) \u2013 Il Sottosegretario di Stato alla Cultura, Lucia Borgonzoni, senatrice della Lega, accompagnata dall\u2019assessore regionale dei Beni Culturali e dell\u2019Identit\u00e0 Siciliana, Alberto Samon\u00e0, \u00e8 stata in visita a Palermo e Trapani, per fare il punto sulle politiche di buongoverno messe in atto in questi anni in sinergia tra il Ministero della Cultura e l\u2019Assessorato regionale dei Beni culturali e dell\u2019Identit\u00e0 siciliana e per visitare alcune realt\u00e0 siciliane. <br \/>La prima tappa \u00e8 stata all\u2019Oratorio di San Lorenzo a Palermo (dove nell\u2019ottobre del 1969 fu trafugata la Nativit\u00e0 del Caravaggio) con un incontro insieme a Bernardo Tortorici di Raffadali, Presidente dell\u2019Associazione Amici dei Musei Siciliani: si \u00e8 fatto il punto sul ruolo importante dei privati nella promozione della cultura e dell\u2019associazionismo come specchio del territorio. Quindi, alla Galleria regionale di Palazzo Abatellis (dove sono esposti, fra gli altri, l\u2019Annunziata di Antonello da Messina e il \u201cTrionfo della morte\u201d), incontro con la direttrice Evelina De Castro. La tappa palermitana si \u00e8 conclusa con un incontro con Andrea Peria Giaconia, vicepresidente regionale di Agis e presidente di Anec Palermo, Associazione nazionale esercenti cinema: tema, lo stato di salute delle sale cinematografiche e del comparto dello spettacolo, specificatamente dei concerti dal vivo e la situazione dei teatri, con importanti novit\u00e0 in arrivo per il settore. <br \/>Lucia Borgonzoni si \u00e8, quindi, recata a Trapani davanti all\u2019Isola e al Castello della Colombaia, il cui progetto di recupero, voluto dall\u2019assessore regionale dei Beni culturali e dell\u2019Identit\u00e0 siciliana, Alberto Samon\u00e0, \u00e8 oggetto di un finanziamento di 27 milioni di euro con fondi Pnrr ottenuti grazie al MIC Ministero della Cultura e per il quale nei mesi scorsi Ministero e Regione Siciliana hanno firmato il disciplinare che ha dato il via alla procedura amministrativa. Tantissimi, oltre al recupero della Colombaia, i progetti finanziati in provincia di Trapani dall\u2019assessorato per il restauro del patrimonio culturale, fra cui a Erice, l\u2019intervento di riqualificazione del Tempio della Venere ericina. Il Sottosegretario Lucia Borgonzoni ha anche incontrato il direttore del Parco Archeologico di Selinunte, Felice Crescente, impegnato in un\u2019importante azione di rilancio del prestigioso sito.<br \/>Sempre a Trapani, incontro con il commissario provinciale della Lega Francesco Cannia. <br \/>Non \u00e8 un caso, \u00e8 stato sottolineato durante gli incontri, che la Sicilia sia la regione italiana maggiore destinataria di risorse del Pnrr Cultura, tra i fondi per il recupero dei borghi storici e quelli per il restauro dell\u2019architettura rurale.<br \/>foto ufficio stampa assessore Alberto Samon\u00e0<br \/>(ITALPRESS).<div id=\"div-gpt-ad-Messinaoggi.it-DSK-300x250-corpoart\" style=\"text-align:center;margin:0 auto;\"><\/div><\/p>\n<\/div>\n<div id=\"videoincontent\" style=\"clear:both\";><\/div>","protected":false},"excerpt":{"rendered":"<p>PALERMO (ITALPRESS) \u2013 Il Sottosegretario di Stato alla Cultura, Lucia Borgonzoni, senatrice della Lega, accompagnata dall\u2019assessore regionale dei Beni Culturali e dell\u2019Identit\u00e0 Siciliana, Alberto Samon\u00e0, \u00e8 stata in visita a Palermo e Trapani, per fare il punto sulle politiche di buongoverno messe in atto in questi anni in sinergia tra il Ministero della Cultura e [&hellip;]<\/p>\n","protected":false},"author":18,"featured_media":118897,"comment_status":"closed","ping_status":"closed","sticky":false,"template":"","format":"standard","meta":{"ub_ctt_via":"","_mi_skip_tracking":false},"categories":[11,2449],"tags":[783],"featured_image_src":"https:\/\/www.messinaoggi.it\/website\/wp-content\/uploads\/2022\/08\/20220824_0373.jpg","author_info":{"display_name":"Admin","author_link":"https:\/\/www.messinaoggi.it\/website\/author\/admin\/"},"digistream_id":0,"digistream":false,"_links":{"self":[{"href":"https:\/\/www.messinaoggi.it\/website\/wp-json\/wp\/v2\/posts\/118896"}],"collection":[{"href":"https:\/\/www.messinaoggi.it\/website\/wp-json\/wp\/v2\/posts"}],"about":[{"href":"https:\/\/www.messinaoggi.it\/website\/wp-json\/wp\/v2\/types\/post"}],"author":[{"embeddable":true,"href":"https:\/\/www.messinaoggi.it\/website\/wp-json\/wp\/v2\/users\/18"}],"replies":[{"embeddable":true,"href":"https:\/\/www.messinaoggi.it\/website\/wp-json\/wp\/v2\/comments?post=118896"}],"version-history":[{"count":1,"href":"https:\/\/www.messinaoggi.it\/website\/wp-json\/wp\/v2\/posts\/118896\/revisions"}],"predecessor-version":[{"id":118931,"href":"https:\/\/www.messinaoggi.it\/website\/wp-json\/wp\/v2\/posts\/118896\/revisions\/118931"}],"wp:featuredmedia":[{"embeddable":true,"href":"https:\/\/www.messinaoggi.it\/website\/wp-json\/wp\/v2\/media\/118897"}],"wp:attachment":[{"href":"https:\/\/www.messinaoggi.it\/website\/wp-json\/wp\/v2\/media?parent=118896"}],"wp:term":[{"taxonomy":"category","embeddable":true,"href":"https:\/\/www.messinaoggi.it\/website\/wp-json\/wp\/v2\/categories?post=118896"},{"taxonomy":"post_tag","embeddable":true,"href":"https:\/\/www.messinaoggi.it\/website\/wp-json\/wp\/v2\/tags?post=118896"}],"curies":[{"name":"wp","href":"https:\/\/api.w.org\/{rel}","templated":true}]}}