{"id":118804,"date":"2022-08-23T19:24:09","date_gmt":"2022-08-23T17:24:09","guid":{"rendered":"http:\/\/www.messinaoggi.it\/website\/?p=118804"},"modified":"2022-08-23T19:24:12","modified_gmt":"2022-08-23T17:24:12","slug":"politiche-2022-la-sfida-dei-big-messinesi-verso-roma","status":"publish","type":"post","link":"https:\/\/www.messinaoggi.it\/website\/2022\/08\/23\/politiche-2022-la-sfida-dei-big-messinesi-verso-roma\/","title":{"rendered":"Politiche 2022, la sfida dei big messinesi verso Roma"},"content":{"rendered":"\n<p>Si scaldano i motori. La campagna elettorale vera e propria potr\u00e0 adesso entrare nel vivo. Sono stati depositati i nomi dei candidati alle Elezioni Politiche del 25 Settembre 2022. Si preparano gli aspiranti deputati e senatori messinesi per la prossima legislatura del Parlamento della Repubblica Italiana.<div id=\"div-gpt-ad-Messinaoggi.it-DSK-300x250-corpoart\" style=\"text-align:center;margin:0 auto;\"><\/div><\/p>\n\n\n\n<p>Chi sono? Prima di passare ai nomi, va fatta una premessa. Gli ultimi decreti elettorali hanno modificato recentemente la composizione delle circoscrizioni e dei collegi elettorali. La Sicilia \u00e8 divisa in due circoscrizioni elettorali Sicilia 1 e Sicilia 2, la prima corrispondente alla parte occidentale, la seconda invece a quella orientale, con Catania, Siracusa e la nostra Messina.<div id=\"videoincontent\" style=\"clear:both\";><\/div><\/p>\n\n\n\n<p>Messina sar\u00e0 a sua volta divisa di fatto in due parti, una corrispondente alla fascia costiera della Ex provincia, con gran parte della Provincia tirrenica e ionica e la citt\u00e0 capoluogo, l\u2019altra a Barcellona Pozzo di Gotto e parte dei comuni tirrenici con Enna e la sua Provincia .<\/p>\n\n\n\n<p>I due collegi uninominali in cui voteranno gli abitanti della Citt\u00e0 Metropolitana di Messina faranno infatti riferimento a queste due aree (Messina e Barcellona-Enna). Il collegio plurinominale invece riunir\u00e0 entrambe le parti.<\/p>\n\n\n\n<p>Al Senato stessa cosa agli uninominali, mentre il plurinominale comprender\u00e0 oltre Messina &#8211; Enna tutta la circoscrizione Sicilia 2, quindi anche Catania e Siracusa.<\/p>\n\n\n\n<p>Si voter\u00e0 un unico candidato nelle competizioni uninominali, con elezione a carattere maggioritario (il pi\u00f9 votato \u00e8 eletto). Si voter\u00e0 invece per i listini bloccati presentati dai vari partiti nella parte plurinominale, che dar\u00e0 esito proporzionale (numero di eletti in proporzione al numero di voti ottenuti).<\/p>\n\n\n\n<p>Sfida in cui spiccano le donne \u00e8 quella del Senato per Messina. Le principali forze politiche a sfidarsi hanno scelto un candidato femminile all\u2019Uninominale. Nomi forti sono quelli dell\u2019assessora della Giunta Basile <strong>Dafne Musolino<\/strong> per il progetto meridionalista \u201cSud Chiama Nord\u201d di Cateno De Luca, della consigliera comunale <strong>Antonella Russo<\/strong> per il PD e i suoi alleati di sinistra, della sottosegretaria M5S all\u2019Istruzione e senatrice uscente <strong>Barbara Floridia<\/strong> (fortemente voluta da Giuseppe Conte), di <strong>Ella Bucalo,<\/strong> deputata uscente della Camera, per Fratelli d&#8217;Italia.<\/p>\n\n\n\n<figure class=\"wp-block-gallery columns-3 is-cropped\"><ul class=\"blocks-gallery-grid\"><li class=\"blocks-gallery-item\"><figure><img loading=\"lazy\" width=\"878\" height=\"735\" src=\"http:\/\/www.messinaoggi.it\/website\/wp-content\/uploads\/2019\/03\/6F55FEEA-C544-4A0B-AF7E-74D5E525389B.jpeg\" alt=\"\" data-id=\"29995\" data-full-url=\"http:\/\/www.messinaoggi.it\/website\/wp-content\/uploads\/2019\/03\/6F55FEEA-C544-4A0B-AF7E-74D5E525389B.jpeg\" data-link=\"http:\/\/www.messinaoggi.it\/website\/6f55feea-c544-4a0b-af7e-74d5e525389b\/\" class=\"wp-image-29995\"\/><figcaption class=\"blocks-gallery-item__caption\">Dafne Musolino<\/figcaption><\/figure><\/li><li class=\"blocks-gallery-item\"><figure><img loading=\"lazy\" width=\"1772\" height=\"1181\" src=\"http:\/\/www.messinaoggi.it\/website\/wp-content\/uploads\/2017\/06\/Russo-Antonella-2-2.jpg\" alt=\"\" data-id=\"1731\" data-full-url=\"http:\/\/www.messinaoggi.it\/website\/wp-content\/uploads\/2017\/06\/Russo-Antonella-2-2.jpg\" data-link=\"http:\/\/www.messinaoggi.it\/website\/russo-antonella-2\/\" class=\"wp-image-1731\"\/><figcaption class=\"blocks-gallery-item__caption\">Antonella Russo<\/figcaption><\/figure><\/li><li class=\"blocks-gallery-item\"><figure><img loading=\"lazy\" width=\"1024\" height=\"787\" src=\"http:\/\/www.messinaoggi.it\/website\/wp-content\/uploads\/2022\/08\/Floridia-1024x787.jpeg\" alt=\"\" data-id=\"118817\" data-full-url=\"http:\/\/www.messinaoggi.it\/website\/wp-content\/uploads\/2022\/08\/Floridia.jpeg\" data-link=\"http:\/\/www.messinaoggi.it\/website\/?attachment_id=118817\" class=\"wp-image-118817\" srcset=\"https:\/\/www.messinaoggi.it\/website\/wp-content\/uploads\/2022\/08\/Floridia-1024x787.jpeg 1024w, https:\/\/www.messinaoggi.it\/website\/wp-content\/uploads\/2022\/08\/Floridia-300x231.jpeg 300w, https:\/\/www.messinaoggi.it\/website\/wp-content\/uploads\/2022\/08\/Floridia-768x590.jpeg 768w, https:\/\/www.messinaoggi.it\/website\/wp-content\/uploads\/2022\/08\/Floridia-1536x1181.jpeg 1536w, https:\/\/www.messinaoggi.it\/website\/wp-content\/uploads\/2022\/08\/Floridia.jpeg 2048w\" sizes=\"(max-width: 1024px) 100vw, 1024px\" \/><figcaption class=\"blocks-gallery-item__caption\">Barbara Floridia<\/figcaption><\/figure><\/li><li class=\"blocks-gallery-item\"><figure><img loading=\"lazy\" width=\"1024\" height=\"576\" src=\"http:\/\/www.messinaoggi.it\/website\/wp-content\/uploads\/2022\/08\/Bucalo-1024x576.jpeg\" alt=\"\" data-id=\"118818\" data-full-url=\"http:\/\/www.messinaoggi.it\/website\/wp-content\/uploads\/2022\/08\/Bucalo.jpeg\" data-link=\"http:\/\/www.messinaoggi.it\/website\/?attachment_id=118818\" class=\"wp-image-118818\" srcset=\"https:\/\/www.messinaoggi.it\/website\/wp-content\/uploads\/2022\/08\/Bucalo-1024x576.jpeg 1024w, https:\/\/www.messinaoggi.it\/website\/wp-content\/uploads\/2022\/08\/Bucalo-300x169.jpeg 300w, https:\/\/www.messinaoggi.it\/website\/wp-content\/uploads\/2022\/08\/Bucalo-768x432.jpeg 768w, https:\/\/www.messinaoggi.it\/website\/wp-content\/uploads\/2022\/08\/Bucalo-1536x864.jpeg 1536w, https:\/\/www.messinaoggi.it\/website\/wp-content\/uploads\/2022\/08\/Bucalo.jpeg 1920w\" sizes=\"(max-width: 1024px) 100vw, 1024px\" \/><figcaption class=\"blocks-gallery-item__caption\">Ella Bucalo<\/figcaption><\/figure><\/li><\/ul><\/figure>\n\n\n\n<p><\/p>\n\n\n\n<p>Anche le forze politiche minori hanno puntato sulle donne: la sindacalista <strong>Dolores Dess\u00ec<\/strong> per Unione Popolare (sinistra radicale con l\u2019ex Sindaco di Napoli De Magistris), <strong>Valentina Valenti<\/strong> per Noi di centro Europeisti, <strong>Maria Fiore <\/strong>per l\u2019estrema destra neofascista di Forza Nuova. Diversa la scelta del Terzo Polo di Italia Viva \u2013 Azione, Italia Sovrana e Popolare ed Italexit di Gianluigi Paragone che candidano tre uomini: <strong>Emiliano Lazzara Papina, Enzo Ioppolo e Giuseppe Sottile.<\/strong><\/p>\n\n\n\n<p>Nei listini plurinominali del Senato, spiccano nel centrodestra la capolista di Forza Italia <strong>Stefania Prestigiacomo,<\/strong> ex Ministra delle Pari Opportunit\u00e0 nel Governo Berlusconi II, il Presidente uscente della Regione Sicilia <strong>Nello Musumeci, <\/strong>la stessa Bucalo e il Sindaco di Catania <strong>Salvo Pogliese<\/strong> per Fratelli d\u2019Italia, il chiacchieratissimo luogotenente salviano a Messina, l\u2019On. <strong>Nino German\u00e0<\/strong> e l\u2019avvocata <strong>Giulia Bongiorno<\/strong> per la Lega.<\/p>\n\n\n\n<figure class=\"wp-block-gallery columns-3 is-cropped\"><ul class=\"blocks-gallery-grid\"><li class=\"blocks-gallery-item\"><figure><img loading=\"lazy\" width=\"1772\" height=\"1181\" src=\"http:\/\/www.messinaoggi.it\/website\/wp-content\/uploads\/2018\/02\/stefania-prestigiacomo-RRP_2817-1.jpg\" alt=\"\" data-id=\"15420\" data-link=\"http:\/\/www.messinaoggi.it\/website\/stefania-prestigiacomo-rrp_2817\/\" class=\"wp-image-15420\"\/><figcaption class=\"blocks-gallery-item__caption\">Stefania Prestigiacomo<\/figcaption><\/figure><\/li><li class=\"blocks-gallery-item\"><figure><img loading=\"lazy\" width=\"1024\" height=\"683\" src=\"http:\/\/www.messinaoggi.it\/website\/wp-content\/uploads\/2022\/03\/20220302_0797-1024x683.jpg\" alt=\"\" data-id=\"99199\" data-link=\"http:\/\/www.messinaoggi.it\/website\/2022\/03\/02\/amministrative-musumeci-in-sicilia-le-elezioni-entro-meta-maggio\/20220302_0797\/\" class=\"wp-image-99199\" srcset=\"https:\/\/www.messinaoggi.it\/website\/wp-content\/uploads\/2022\/03\/20220302_0797-1024x683.jpg 1024w, https:\/\/www.messinaoggi.it\/website\/wp-content\/uploads\/2022\/03\/20220302_0797-300x200.jpg 300w, https:\/\/www.messinaoggi.it\/website\/wp-content\/uploads\/2022\/03\/20220302_0797-768x512.jpg 768w, https:\/\/www.messinaoggi.it\/website\/wp-content\/uploads\/2022\/03\/20220302_0797-1536x1024.jpg 1536w, https:\/\/www.messinaoggi.it\/website\/wp-content\/uploads\/2022\/03\/20220302_0797.jpg 1620w\" sizes=\"(max-width: 1024px) 100vw, 1024px\" \/><figcaption class=\"blocks-gallery-item__caption\">Nello Musumeci<\/figcaption><\/figure><\/li><li class=\"blocks-gallery-item\"><figure><img loading=\"lazy\" width=\"800\" height=\"532\" src=\"http:\/\/www.messinaoggi.it\/website\/wp-content\/uploads\/2019\/08\/Salvo-Pogliese-sindaco-di-Catania.jpg\" alt=\"\" data-id=\"36225\" data-link=\"http:\/\/www.messinaoggi.it\/website\/salvo-pogliese-sindaco-di-catania\/\" class=\"wp-image-36225\"\/><figcaption class=\"blocks-gallery-item__caption\">Salvo Pogliese<\/figcaption><\/figure><\/li><li class=\"blocks-gallery-item\"><figure><img loading=\"lazy\" width=\"629\" height=\"350\" src=\"http:\/\/www.messinaoggi.it\/website\/wp-content\/uploads\/2019\/02\/83FB42D7-6CBF-4832-9047-9A6DFB0493DD.jpeg\" alt=\"\" data-id=\"29641\" data-link=\"http:\/\/www.messinaoggi.it\/website\/83fb42d7-6cbf-4832-9047-9a6dfb0493dd\/\" class=\"wp-image-29641\"\/><figcaption class=\"blocks-gallery-item__caption\">Nino German\u00e0<\/figcaption><\/figure><\/li><li class=\"blocks-gallery-item\"><figure><img loading=\"lazy\" width=\"720\" height=\"474\" src=\"https:\/\/www.messinaoggi.it\/website\/wp-content\/uploads\/2022\/08\/Acquisisci-schermata-Web_23-8-2022_182832_www.bing_.com_.jpeg\" alt=\"\" data-id=\"118819\" data-full-url=\"https:\/\/www.messinaoggi.it\/website\/wp-content\/uploads\/2022\/08\/Acquisisci-schermata-Web_23-8-2022_182832_www.bing_.com_.jpeg\" data-link=\"https:\/\/www.messinaoggi.it\/website\/?attachment_id=118819\" class=\"wp-image-118819\" srcset=\"https:\/\/www.messinaoggi.it\/website\/wp-content\/uploads\/2022\/08\/Acquisisci-schermata-Web_23-8-2022_182832_www.bing_.com_.jpeg 720w, https:\/\/www.messinaoggi.it\/website\/wp-content\/uploads\/2022\/08\/Acquisisci-schermata-Web_23-8-2022_182832_www.bing_.com_-300x198.jpeg 300w, https:\/\/www.messinaoggi.it\/website\/wp-content\/uploads\/2022\/08\/Acquisisci-schermata-Web_23-8-2022_182832_www.bing_.com_-100x65.jpeg 100w\" sizes=\"(max-width: 720px) 100vw, 720px\" \/><figcaption class=\"blocks-gallery-item__caption\">Giulia Buongiorno<\/figcaption><\/figure><\/li><\/ul><\/figure>\n\n\n\n<p>Il Partito Democratico rilancia Antonella Russo anche nel listino, cos\u00ec come fa M5S con <strong>Barbara Floridia.<\/strong> Sinistra Italiana\/Verdi candida la stimata prof. <strong>Alessandra Minniti, <\/strong>Preside della Foscolo, nonch\u00e9 candidata assessora all\u2019Istruzione del centrosinistra messinese sconfitto alle amministrative.<\/p>\n\n\n\n<figure class=\"wp-block-gallery columns-1 is-cropped\"><ul class=\"blocks-gallery-grid\"><li class=\"blocks-gallery-item\"><figure><img loading=\"lazy\" width=\"768\" height=\"1024\" src=\"http:\/\/www.messinaoggi.it\/website\/wp-content\/uploads\/2022\/05\/Alessandra-Minniti-768x1024.jpeg\" alt=\"\" data-id=\"108484\" class=\"wp-image-108484\" srcset=\"https:\/\/www.messinaoggi.it\/website\/wp-content\/uploads\/2022\/05\/Alessandra-Minniti-768x1024.jpeg 768w, https:\/\/www.messinaoggi.it\/website\/wp-content\/uploads\/2022\/05\/Alessandra-Minniti-225x300.jpeg 225w, https:\/\/www.messinaoggi.it\/website\/wp-content\/uploads\/2022\/05\/Alessandra-Minniti-1152x1536.jpeg 1152w, https:\/\/www.messinaoggi.it\/website\/wp-content\/uploads\/2022\/05\/Alessandra-Minniti.jpeg 1200w\" sizes=\"(max-width: 768px) 100vw, 768px\" \/><figcaption class=\"blocks-gallery-item__caption\">Alessandra Minniti<\/figcaption><\/figure><\/li><\/ul><\/figure>\n\n\n\n<p><strong>Cateno De Luca<\/strong> si candida anche a Roma, dopo essere diventato Presidente del Consiglio Comunale, e con lui Musolino e il Presidente di Sicilia Vera <strong>Pippo Lombardo <\/strong>(ex Presidente di Messinaservizi).<\/p>\n\n\n\n<figure class=\"wp-block-gallery columns-2 is-cropped\"><ul class=\"blocks-gallery-grid\"><li class=\"blocks-gallery-item\"><figure><img loading=\"lazy\" width=\"1600\" height=\"900\" src=\"http:\/\/www.messinaoggi.it\/website\/wp-content\/uploads\/2020\/03\/27629C0C-B992-4DBA-A35D-16246AF052F8.jpeg\" alt=\"\" data-id=\"41598\" data-full-url=\"http:\/\/www.messinaoggi.it\/website\/wp-content\/uploads\/2020\/03\/27629C0C-B992-4DBA-A35D-16246AF052F8.jpeg\" data-link=\"http:\/\/www.messinaoggi.it\/website\/27629c0c-b992-4dba-a35d-16246af052f8\/\" class=\"wp-image-41598\"\/><figcaption class=\"blocks-gallery-item__caption\">Cateno De Luca<\/figcaption><\/figure><\/li><li class=\"blocks-gallery-item\"><figure><img loading=\"lazy\" width=\"1024\" height=\"704\" src=\"http:\/\/www.messinaoggi.it\/website\/wp-content\/uploads\/2022\/06\/giuseppe-lombardo-messinaservizi-1024x704.jpg\" alt=\"\" data-id=\"112093\" data-full-url=\"http:\/\/www.messinaoggi.it\/website\/wp-content\/uploads\/2022\/06\/giuseppe-lombardo-messinaservizi.jpg\" data-link=\"http:\/\/www.messinaoggi.it\/website\/2022\/06\/24\/peculato-assolto-il-presidente-di-messinaservizi-bene-comune\/giuseppe-lombardo-messinaservizi\/\" class=\"wp-image-112093\" srcset=\"https:\/\/www.messinaoggi.it\/website\/wp-content\/uploads\/2022\/06\/giuseppe-lombardo-messinaservizi-1024x704.jpg 1024w, https:\/\/www.messinaoggi.it\/website\/wp-content\/uploads\/2022\/06\/giuseppe-lombardo-messinaservizi-300x206.jpg 300w, https:\/\/www.messinaoggi.it\/website\/wp-content\/uploads\/2022\/06\/giuseppe-lombardo-messinaservizi-768x528.jpg 768w, https:\/\/www.messinaoggi.it\/website\/wp-content\/uploads\/2022\/06\/giuseppe-lombardo-messinaservizi.jpg 1200w\" sizes=\"(max-width: 1024px) 100vw, 1024px\" \/><figcaption class=\"blocks-gallery-item__caption\">Pippo Lombardo<\/figcaption><\/figure><\/li><\/ul><\/figure>\n\n\n\n<p>Unione Popolare, oltre Dess\u00ec, inserisce nel listino il docente catanese <strong>Luca Cangemi.<\/strong><\/p>\n\n\n\n<p>Italia Popolare e Sovrana candida come capolista nientemeno che <strong>Gina Lollobrigida,<\/strong> l\u2019iconica attrice italiana.<\/p>\n\n\n\n<figure class=\"wp-block-gallery columns-1 is-cropped\"><ul class=\"blocks-gallery-grid\"><li class=\"blocks-gallery-item\"><figure><img loading=\"lazy\" width=\"853\" height=\"484\" src=\"https:\/\/www.messinaoggi.it\/website\/wp-content\/uploads\/2022\/08\/Acquisisci-schermata-Web_23-8-2022_183539_www.bing_.com_.jpeg\" alt=\"\" data-id=\"118840\" class=\"wp-image-118840\" srcset=\"https:\/\/www.messinaoggi.it\/website\/wp-content\/uploads\/2022\/08\/Acquisisci-schermata-Web_23-8-2022_183539_www.bing_.com_.jpeg 853w, https:\/\/www.messinaoggi.it\/website\/wp-content\/uploads\/2022\/08\/Acquisisci-schermata-Web_23-8-2022_183539_www.bing_.com_-300x170.jpeg 300w, https:\/\/www.messinaoggi.it\/website\/wp-content\/uploads\/2022\/08\/Acquisisci-schermata-Web_23-8-2022_183539_www.bing_.com_-768x436.jpeg 768w\" sizes=\"(max-width: 853px) 100vw, 853px\" \/><figcaption class=\"blocks-gallery-item__caption\">Gina Lollobrigida<\/figcaption><\/figure><\/li><\/ul><\/figure>\n\n\n\n<p><\/p>\n\n\n\n<p>Qui le liste complete:<\/p>\n\n\n\n<p><strong>FORZA ITALIA<\/strong><br>Stefania Prestigiacomo<br>Antonino Scilla<br>Loredana Messina<br>Giovanni Giacobbe<\/p>\n\n\n\n<p><strong>FRATELLI D&#8217;ITALIA<\/strong><br>Nello Musumeci<br>Ella Bucalo<br>Salvo Pogliese<br>Giovanna Petrenga<\/p>\n\n\n\n<p><strong>LEGA<\/strong><br>Nino German\u00e0<br>Giulia Bongiorno<br>Orazio Ragusa<br>Sonia Grasso<\/p>\n\n\n\n<p><strong>NOI MODERATI<\/strong><br>Mario Luciano Brancato<br>Antonia Portorivo<br>Gianfranco Melillo<br>Doriana Politan\u00f2<\/p>\n\n\n\n<p><strong>MOVIMENTO 5 STELLE<\/strong><br>Barbara Floridia<br>Giuseppe Pisani<br>Cinzia Amato<br>Federico Picciotto<\/p>\n\n\n\n<p><strong>PARTITO DEMOCRATICO<\/strong><br>Antonio Nicita<br>Agata Iacono<br>Salvatore Branciforte<br>Antonella Russo<\/p>\n\n\n\n<p><strong>VERDI &#8211; SINISTRA ITALIANA<\/strong><br>Alessandra Minniti<br>Gioli Vindigni<br>Maria German\u00e0<br>Calogero Giancona<\/p>\n\n\n\n<p><strong>+EUROPA<\/strong><br>Simona Viola<br>Francesco Passantino<\/p>\n\n\n\n<p><strong>IMPEGNO CIVICO<\/strong><br>Fabrizio Trentacoste<br>Cinzia Leone<br>Vincenzo Drago<br>Loredana Russo<\/p>\n\n\n\n<p><strong>TERZO POLO (Italia Viva &#8211; Azione)<\/strong><br>Anna Maria Parente<br>Gaetano Armao<br>Giusi Provino<br>Pierfrancesco Torrisi<\/p>\n\n\n\n<p><strong>SUD CHIAMA NORD<\/strong><br>Cateno De Luca<br>Dafne Musolino<br>Pippo Lombardo<br>Lorenzina Grasso<\/p>\n\n\n\n<p><strong>UNIONE POPOLARE<\/strong><br>Luca Cangemi<br>Dolores Dess\u00ec<br>Goffredo D\u2019Antona<br>Ivana Parisi<\/p>\n\n\n\n<p><strong>NOI EUROPEISTI DI CENTRO<\/strong><br>Valentina Valenti<br>Giuseppe Mastrandrea<\/p>\n\n\n\n<p><strong>ITALIA SOVRANA E POPOLARE<\/strong><br>Luigia Lollobrigida detta Gina<br>Fulvio Grimaldi<br>Marilena Giordano<br>Renzo Ioppolo<\/p>\n\n\n\n<p><strong>ITALEXIT<\/strong><br>Giuseppe Sottile<br>Carmen Minutoli<br>Giuseppe Indorato<br>Letizia Licitra<\/p>\n\n\n\n<p><strong>FORZA NUOVA<\/strong><br>Maria Fiore<br>Giuseppe Aleppo<br>Carmelo Montagno Castagnolo<br>Giuseppe Siciliano<\/p>\n\n\n\n<p>Nell\u2019Uninominale della Camera a Messina si sfidano invece il Vicesindaco <strong>Francesco Gallo,<\/strong> l\u2019uscente ed ex assessora designata <strong>Matilde Siracusano <\/strong>per il centrodestra, il consigliere comunale (ed in passato candidato Sindaco)<strong> Felice Calabr\u00f2, <\/strong>la senatrice uscente <strong>Grazia D\u2019Angelo, <\/strong>membro di punta del meetup dei Grilli dello Stretto, la renziana <strong>Liliana Modica<\/strong> per il Terzo Polo, e l\u2019ex consigliere della V Circoscrizione <strong>Francesco Mucciardi<\/strong> (un tempo eletto con Renato Accorinti) sostenuto da Unione Popolare.<\/p>\n\n\n\n<figure class=\"wp-block-gallery columns-3 is-cropped\"><ul class=\"blocks-gallery-grid\"><li class=\"blocks-gallery-item\"><figure><img loading=\"lazy\" width=\"1024\" height=\"1024\" src=\"http:\/\/www.messinaoggi.it\/website\/wp-content\/uploads\/2022\/08\/Francesco-Gallo-1024x1024.jpg\" alt=\"\" data-id=\"118841\" data-full-url=\"http:\/\/www.messinaoggi.it\/website\/wp-content\/uploads\/2022\/08\/Francesco-Gallo.jpg\" data-link=\"http:\/\/www.messinaoggi.it\/website\/?attachment_id=118841\" class=\"wp-image-118841\" srcset=\"https:\/\/www.messinaoggi.it\/website\/wp-content\/uploads\/2022\/08\/Francesco-Gallo-1024x1024.jpg 1024w, https:\/\/www.messinaoggi.it\/website\/wp-content\/uploads\/2022\/08\/Francesco-Gallo-300x300.jpg 300w, https:\/\/www.messinaoggi.it\/website\/wp-content\/uploads\/2022\/08\/Francesco-Gallo-150x150.jpg 150w, https:\/\/www.messinaoggi.it\/website\/wp-content\/uploads\/2022\/08\/Francesco-Gallo-768x768.jpg 768w, https:\/\/www.messinaoggi.it\/website\/wp-content\/uploads\/2022\/08\/Francesco-Gallo-1536x1536.jpg 1536w, https:\/\/www.messinaoggi.it\/website\/wp-content\/uploads\/2022\/08\/Francesco-Gallo.jpg 2048w\" sizes=\"(max-width: 1024px) 100vw, 1024px\" \/><figcaption class=\"blocks-gallery-item__caption\">Francesco Gallo<\/figcaption><\/figure><\/li><li class=\"blocks-gallery-item\"><figure><img loading=\"lazy\" width=\"1024\" height=\"461\" src=\"http:\/\/www.messinaoggi.it\/website\/wp-content\/uploads\/2022\/08\/Felice-Calabro-1024x461.jpg\" alt=\"\" data-id=\"118844\" data-full-url=\"http:\/\/www.messinaoggi.it\/website\/wp-content\/uploads\/2022\/08\/Felice-Calabro.jpg\" data-link=\"http:\/\/www.messinaoggi.it\/website\/?attachment_id=118844\" class=\"wp-image-118844\" srcset=\"https:\/\/www.messinaoggi.it\/website\/wp-content\/uploads\/2022\/08\/Felice-Calabro-1024x461.jpg 1024w, https:\/\/www.messinaoggi.it\/website\/wp-content\/uploads\/2022\/08\/Felice-Calabro-300x135.jpg 300w, https:\/\/www.messinaoggi.it\/website\/wp-content\/uploads\/2022\/08\/Felice-Calabro-768x346.jpg 768w, https:\/\/www.messinaoggi.it\/website\/wp-content\/uploads\/2022\/08\/Felice-Calabro.jpg 1422w\" sizes=\"(max-width: 1024px) 100vw, 1024px\" \/><figcaption class=\"blocks-gallery-item__caption\">Felice Calabr\u00f2<\/figcaption><\/figure><\/li><li class=\"blocks-gallery-item\"><figure><img loading=\"lazy\" width=\"815\" height=\"641\" src=\"http:\/\/www.messinaoggi.it\/website\/wp-content\/uploads\/2021\/03\/matilde-siracusano.jpg\" alt=\"\" data-id=\"55294\" data-full-url=\"http:\/\/www.messinaoggi.it\/website\/wp-content\/uploads\/2021\/03\/matilde-siracusano.jpg\" data-link=\"http:\/\/www.messinaoggi.it\/website\/2021\/03\/13\/ponte-sullo-stretto-siracusano-battaglia-storica-opera-fondamentale\/matilde-siracusano-6\/\" class=\"wp-image-55294\" srcset=\"https:\/\/www.messinaoggi.it\/website\/wp-content\/uploads\/2021\/03\/matilde-siracusano.jpg 815w, https:\/\/www.messinaoggi.it\/website\/wp-content\/uploads\/2021\/03\/matilde-siracusano-300x236.jpg 300w, https:\/\/www.messinaoggi.it\/website\/wp-content\/uploads\/2021\/03\/matilde-siracusano-768x604.jpg 768w\" sizes=\"(max-width: 815px) 100vw, 815px\" \/><figcaption class=\"blocks-gallery-item__caption\">Matilde Siracusano<\/figcaption><\/figure><\/li><li class=\"blocks-gallery-item\"><figure><img loading=\"lazy\" width=\"960\" height=\"951\" src=\"http:\/\/www.messinaoggi.it\/website\/wp-content\/uploads\/2021\/06\/Grazia-DAngelo.jpg.jpg\" alt=\"\" data-id=\"69412\" data-full-url=\"http:\/\/www.messinaoggi.it\/website\/wp-content\/uploads\/2021\/06\/Grazia-DAngelo.jpg.jpg\" data-link=\"http:\/\/www.messinaoggi.it\/website\/2021\/06\/18\/prestigioso-incarico-per-la-prof-ssa-spano\/grazia-dangelo-jpg\/\" class=\"wp-image-69412\" srcset=\"https:\/\/www.messinaoggi.it\/website\/wp-content\/uploads\/2021\/06\/Grazia-DAngelo.jpg.jpg 960w, https:\/\/www.messinaoggi.it\/website\/wp-content\/uploads\/2021\/06\/Grazia-DAngelo.jpg-300x297.jpg 300w, https:\/\/www.messinaoggi.it\/website\/wp-content\/uploads\/2021\/06\/Grazia-DAngelo.jpg-150x150.jpg 150w, https:\/\/www.messinaoggi.it\/website\/wp-content\/uploads\/2021\/06\/Grazia-DAngelo.jpg-768x761.jpg 768w\" sizes=\"(max-width: 960px) 100vw, 960px\" \/><figcaption class=\"blocks-gallery-item__caption\">Grazia D&#8217;Angelo<\/figcaption><\/figure><\/li><li class=\"blocks-gallery-item\"><figure><img loading=\"lazy\" width=\"886\" height=\"591\" src=\"http:\/\/www.messinaoggi.it\/website\/wp-content\/uploads\/2017\/06\/francesco-mucciardi-consigliere-V-quartiere-2.jpg\" alt=\"\" data-id=\"3704\" data-full-url=\"http:\/\/www.messinaoggi.it\/website\/wp-content\/uploads\/2017\/06\/francesco-mucciardi-consigliere-V-quartiere-2.jpg\" data-link=\"http:\/\/www.messinaoggi.it\/website\/francesco-mucciardi-consigliere-v-quartiere\/\" class=\"wp-image-3704\"\/><\/figure><\/li><\/ul><\/figure>\n\n\n\n<p>Tra i nomi pi\u00f9 noti dei listini plurinominali troviamo <strong>Luciano Fumia,<\/strong> il famoso Luciano delle dirette dell\u2019Ex Sindaco De Luca, la deputata di Forza Italia all\u2019Ars ed ex assessora alle autonomie locali del Governo Musumeci, nonch\u00e9 Sindaca di Capri Leone <strong>Bernardette Grasso,<\/strong> l&#8217;ex Presidente di Agenzia Nazionale Giovani <strong>Giacomo D\u2019Arrigo<\/strong> e la vicesegretaria provinciale, docente e attiva nel volontariato, <strong>Laura Giuffrida<\/strong> per il PD, <strong>Ciccio Rizzo<\/strong>,  dirigente nazionale del partito di Giorgia Meloni e volto storico della destra messinese, il giornalista, intellettuale ed accorintiano della prima ora <strong>Tonino Cafeo<\/strong> per l\u2019alleanza rossoverde di Fratoianni e Bonelli, l&#8217;ex magistrato <strong>Antonio Ingroia <\/strong>per Italia Sovrana e Popolare (coalizione di cui fa parte con il comunista Marco Rizzo), il Sindaco di Furci Siculo <strong>Matteo Francilia <\/strong>con la Lega, la deputata molto seguita sui social <strong>Angela Raffa,<\/strong> la senatrice <strong>D\u2019Angelo<\/strong> gi\u00e0 citata e il consigliere della III Municipalit\u00e0 ed ex Vicepresidente <strong>Alessandro Geraci, <\/strong>altro volto noto ed attivo del meetup grillino messinese. <strong>Mucciardi <\/strong>e il membro del coordinamento nazionale di Potere al Popolo <strong>Ivan Cal\u00ec <\/strong>per Unione Popolare. L\u2019ex M5S e deputato questore <strong>Francesco d\u2019Uva<\/strong> \u00e8 invece il capolista della compagine dimaiana Impegno Civico, la giornalista <strong>Palmira Mancuso<\/strong> lo \u00e8 invece di + Europa.<\/p>\n\n\n\n<figure class=\"wp-block-gallery columns-3 is-cropped\"><ul class=\"blocks-gallery-grid\"><li class=\"blocks-gallery-item\"><figure><img loading=\"lazy\" width=\"225\" height=\"225\" src=\"http:\/\/www.messinaoggi.it\/website\/wp-content\/uploads\/2018\/11\/bernardette-grasso.jpg\" alt=\"\" data-id=\"27147\" data-full-url=\"http:\/\/www.messinaoggi.it\/website\/wp-content\/uploads\/2018\/11\/bernardette-grasso.jpg\" data-link=\"http:\/\/www.messinaoggi.it\/website\/bernardette-grasso-2\/\" class=\"wp-image-27147\"\/><figcaption class=\"blocks-gallery-item__caption\">Bernardette Grasso<\/figcaption><\/figure><\/li><li class=\"blocks-gallery-item\"><figure><img loading=\"lazy\" width=\"1720\" height=\"2400\" src=\"http:\/\/www.messinaoggi.it\/website\/wp-content\/uploads\/2018\/05\/Avv.-Francesco-Rizzo-1.jpg\" alt=\"\" data-id=\"18995\" data-full-url=\"http:\/\/www.messinaoggi.it\/website\/wp-content\/uploads\/2018\/05\/Avv.-Francesco-Rizzo-1.jpg\" data-link=\"http:\/\/www.messinaoggi.it\/website\/avv-francesco-rizzo\/\" class=\"wp-image-18995\"\/><figcaption class=\"blocks-gallery-item__caption\">Francesco Rizzo<\/figcaption><\/figure><\/li><li class=\"blocks-gallery-item\"><figure><img loading=\"lazy\" width=\"842\" height=\"665\" src=\"http:\/\/www.messinaoggi.it\/website\/wp-content\/uploads\/2022\/08\/Acquisisci-schermata-Web_23-8-2022_185722_www.imgpress.it_.jpeg\" alt=\"\" data-id=\"118846\" data-full-url=\"http:\/\/www.messinaoggi.it\/website\/wp-content\/uploads\/2022\/08\/Acquisisci-schermata-Web_23-8-2022_185722_www.imgpress.it_.jpeg\" data-link=\"http:\/\/www.messinaoggi.it\/website\/?attachment_id=118846\" class=\"wp-image-118846\" srcset=\"https:\/\/www.messinaoggi.it\/website\/wp-content\/uploads\/2022\/08\/Acquisisci-schermata-Web_23-8-2022_185722_www.imgpress.it_.jpeg 842w, https:\/\/www.messinaoggi.it\/website\/wp-content\/uploads\/2022\/08\/Acquisisci-schermata-Web_23-8-2022_185722_www.imgpress.it_-300x237.jpeg 300w, https:\/\/www.messinaoggi.it\/website\/wp-content\/uploads\/2022\/08\/Acquisisci-schermata-Web_23-8-2022_185722_www.imgpress.it_-768x607.jpeg 768w\" sizes=\"(max-width: 842px) 100vw, 842px\" \/><figcaption class=\"blocks-gallery-item__caption\">Laura Giuffrida<\/figcaption><\/figure><\/li><li class=\"blocks-gallery-item\"><figure><img loading=\"lazy\" width=\"1024\" height=\"1024\" src=\"http:\/\/www.messinaoggi.it\/website\/wp-content\/uploads\/2022\/08\/Tonino-Cafeo-1024x1024.jpg\" alt=\"\" data-id=\"118847\" data-full-url=\"http:\/\/www.messinaoggi.it\/website\/wp-content\/uploads\/2022\/08\/Tonino-Cafeo.jpg\" data-link=\"http:\/\/www.messinaoggi.it\/website\/?attachment_id=118847\" class=\"wp-image-118847\" srcset=\"https:\/\/www.messinaoggi.it\/website\/wp-content\/uploads\/2022\/08\/Tonino-Cafeo-1024x1024.jpg 1024w, https:\/\/www.messinaoggi.it\/website\/wp-content\/uploads\/2022\/08\/Tonino-Cafeo-300x300.jpg 300w, https:\/\/www.messinaoggi.it\/website\/wp-content\/uploads\/2022\/08\/Tonino-Cafeo-150x150.jpg 150w, https:\/\/www.messinaoggi.it\/website\/wp-content\/uploads\/2022\/08\/Tonino-Cafeo-768x768.jpg 768w, https:\/\/www.messinaoggi.it\/website\/wp-content\/uploads\/2022\/08\/Tonino-Cafeo.jpg 1080w\" sizes=\"(max-width: 1024px) 100vw, 1024px\" \/><figcaption class=\"blocks-gallery-item__caption\">Tonino Cafeo<\/figcaption><\/figure><\/li><li class=\"blocks-gallery-item\"><figure><img loading=\"lazy\" width=\"696\" height=\"392\" src=\"http:\/\/www.messinaoggi.it\/website\/wp-content\/uploads\/2022\/08\/Antonio-Ingroia-696x392-1.jpg\" alt=\"\" data-id=\"118848\" data-full-url=\"http:\/\/www.messinaoggi.it\/website\/wp-content\/uploads\/2022\/08\/Antonio-Ingroia-696x392-1.jpg\" data-link=\"http:\/\/www.messinaoggi.it\/website\/?attachment_id=118848\" class=\"wp-image-118848\" srcset=\"https:\/\/www.messinaoggi.it\/website\/wp-content\/uploads\/2022\/08\/Antonio-Ingroia-696x392-1.jpg 696w, https:\/\/www.messinaoggi.it\/website\/wp-content\/uploads\/2022\/08\/Antonio-Ingroia-696x392-1-300x169.jpg 300w\" sizes=\"(max-width: 696px) 100vw, 696px\" \/><figcaption class=\"blocks-gallery-item__caption\">Antonio Ingroia<\/figcaption><\/figure><\/li><li class=\"blocks-gallery-item\"><figure><img loading=\"lazy\" width=\"433\" height=\"339\" src=\"http:\/\/www.messinaoggi.it\/website\/wp-content\/uploads\/2022\/08\/Matteo-Francilia-sindaco-di-Furci.jpg\" alt=\"\" data-id=\"118745\" data-full-url=\"http:\/\/www.messinaoggi.it\/website\/wp-content\/uploads\/2022\/08\/Matteo-Francilia-sindaco-di-Furci.jpg\" data-link=\"http:\/\/www.messinaoggi.it\/website\/2022\/08\/23\/elezioni-francilia-candidato-alla-camera-con-la-benedizione-di-salvini\/matteo-francilia-sindaco-di-furci\/\" class=\"wp-image-118745\" srcset=\"https:\/\/www.messinaoggi.it\/website\/wp-content\/uploads\/2022\/08\/Matteo-Francilia-sindaco-di-Furci.jpg 433w, https:\/\/www.messinaoggi.it\/website\/wp-content\/uploads\/2022\/08\/Matteo-Francilia-sindaco-di-Furci-300x235.jpg 300w\" sizes=\"(max-width: 433px) 100vw, 433px\" \/><figcaption class=\"blocks-gallery-item__caption\">Matteo Francilia<\/figcaption><\/figure><\/li><li class=\"blocks-gallery-item\"><figure><img loading=\"lazy\" width=\"3360\" height=\"2240\" src=\"http:\/\/www.messinaoggi.it\/website\/wp-content\/uploads\/2019\/01\/Raffa-4-copia.jpg\" alt=\"\" data-id=\"28964\" data-full-url=\"http:\/\/www.messinaoggi.it\/website\/wp-content\/uploads\/2019\/01\/Raffa-4-copia.jpg\" data-link=\"http:\/\/www.messinaoggi.it\/website\/raffa-4-copia\/\" class=\"wp-image-28964\"\/><figcaption class=\"blocks-gallery-item__caption\">Angela Raffa<\/figcaption><\/figure><\/li><li class=\"blocks-gallery-item\"><figure><img loading=\"lazy\" width=\"2607\" height=\"1575\" src=\"http:\/\/www.messinaoggi.it\/website\/wp-content\/uploads\/2018\/12\/Alessandro-Geraci.jpg\" alt=\"\" data-id=\"27500\" data-full-url=\"http:\/\/www.messinaoggi.it\/website\/wp-content\/uploads\/2018\/12\/Alessandro-Geraci.jpg\" data-link=\"http:\/\/www.messinaoggi.it\/website\/alessandro-geraci\/\" class=\"wp-image-27500\"\/><figcaption class=\"blocks-gallery-item__caption\">Alessandro Geraci<\/figcaption><\/figure><\/li><li class=\"blocks-gallery-item\"><figure><img loading=\"lazy\" width=\"768\" height=\"1024\" src=\"http:\/\/www.messinaoggi.it\/website\/wp-content\/uploads\/2022\/05\/Palmira-Mancuso-768x1024.jpg\" alt=\"\" data-id=\"107188\" data-full-url=\"http:\/\/www.messinaoggi.it\/website\/wp-content\/uploads\/2022\/05\/Palmira-Mancuso.jpg\" data-link=\"http:\/\/www.messinaoggi.it\/website\/2022\/05\/09\/amministrative-i-partiti-europeisti-scelgono-de-domenico\/palmira-mancuso\/\" class=\"wp-image-107188\" srcset=\"https:\/\/www.messinaoggi.it\/website\/wp-content\/uploads\/2022\/05\/Palmira-Mancuso-768x1024.jpg 768w, https:\/\/www.messinaoggi.it\/website\/wp-content\/uploads\/2022\/05\/Palmira-Mancuso-225x300.jpg 225w, https:\/\/www.messinaoggi.it\/website\/wp-content\/uploads\/2022\/05\/Palmira-Mancuso-1152x1536.jpg 1152w, https:\/\/www.messinaoggi.it\/website\/wp-content\/uploads\/2022\/05\/Palmira-Mancuso.jpg 1200w\" sizes=\"(max-width: 768px) 100vw, 768px\" \/><figcaption class=\"blocks-gallery-item__caption\">Palmira Mancuso<\/figcaption><\/figure><\/li><li class=\"blocks-gallery-item\"><figure><img loading=\"lazy\" width=\"1024\" height=\"1024\" src=\"http:\/\/www.messinaoggi.it\/website\/wp-content\/uploads\/2022\/08\/DUva_1-1024x1024.jpeg\" alt=\"\" data-id=\"118853\" data-full-url=\"http:\/\/www.messinaoggi.it\/website\/wp-content\/uploads\/2022\/08\/DUva_1.jpeg\" data-link=\"http:\/\/www.messinaoggi.it\/website\/?attachment_id=118853\" class=\"wp-image-118853\" srcset=\"https:\/\/www.messinaoggi.it\/website\/wp-content\/uploads\/2022\/08\/DUva_1-1024x1024.jpeg 1024w, https:\/\/www.messinaoggi.it\/website\/wp-content\/uploads\/2022\/08\/DUva_1-300x300.jpeg 300w, https:\/\/www.messinaoggi.it\/website\/wp-content\/uploads\/2022\/08\/DUva_1-150x150.jpeg 150w, https:\/\/www.messinaoggi.it\/website\/wp-content\/uploads\/2022\/08\/DUva_1-768x768.jpeg 768w, https:\/\/www.messinaoggi.it\/website\/wp-content\/uploads\/2022\/08\/DUva_1-1536x1536.jpeg 1536w, https:\/\/www.messinaoggi.it\/website\/wp-content\/uploads\/2022\/08\/DUva_1.jpeg 1600w\" sizes=\"(max-width: 1024px) 100vw, 1024px\" \/><figcaption class=\"blocks-gallery-item__caption\">Francesco D&#8217;Uva<\/figcaption><\/figure><\/li><li class=\"blocks-gallery-item\"><figure><img loading=\"lazy\" width=\"750\" height=\"750\" src=\"http:\/\/www.messinaoggi.it\/website\/wp-content\/uploads\/2022\/08\/Ivan-Cali.jpg\" alt=\"\" data-id=\"118854\" data-full-url=\"http:\/\/www.messinaoggi.it\/website\/wp-content\/uploads\/2022\/08\/Ivan-Cali.jpg\" data-link=\"http:\/\/www.messinaoggi.it\/website\/?attachment_id=118854\" class=\"wp-image-118854\" srcset=\"https:\/\/www.messinaoggi.it\/website\/wp-content\/uploads\/2022\/08\/Ivan-Cali.jpg 750w, https:\/\/www.messinaoggi.it\/website\/wp-content\/uploads\/2022\/08\/Ivan-Cali-300x300.jpg 300w, https:\/\/www.messinaoggi.it\/website\/wp-content\/uploads\/2022\/08\/Ivan-Cali-150x150.jpg 150w\" sizes=\"(max-width: 750px) 100vw, 750px\" \/><figcaption class=\"blocks-gallery-item__caption\">Ivan Cal\u00ec<\/figcaption><\/figure><\/li><\/ul><\/figure>\n\n\n\n<p><strong>Qui le liste complete:<\/strong><\/p>\n\n\n\n<p><strong>FORZA ITALIA:<\/strong><\/p>\n\n\n\n<p>Bernardette Grasso<br>Giovanni Mauro<br>Mariadele Passalacqua<\/p>\n\n\n\n<p><strong>FRATELLI D&#8217;ITALIA:<\/strong><\/p>\n\n\n\n<p>Maurizio Leo<br>Carolina Varchi<br>Ciccio Rizzo<\/p>\n\n\n\n<p><strong>PARTITO DEMOCRATICO:<\/strong><\/p>\n\n\n\n<p>Stefania Marino<br>Giacomo D\u2019Arrigo<br>Laura Giuffrida<\/p>\n\n\n\n<p><strong>SINISTRA ITALIANA\/VERDI:<\/strong><\/p>\n\n\n\n<p>Marilena Grassadonia<br>Andrea Carbone<br>Fulvia Privitera<br>Tonino Cafeo<\/p>\n\n\n\n<p><strong>LEGA:<\/strong><\/p>\n\n\n\n<p>Valeria Sudano<br>Matteo Francilia<\/p>\n\n\n\n<p><strong>NOI MODERATI:<\/strong><\/p>\n\n\n\n<p>Ilaria Cavo<br>Marcello Greco<br>Antonella Biancofiore<\/p>\n\n\n\n<p><strong>M5S:<\/strong><\/p>\n\n\n\n<p>Angela Raffa<br>Salvatore Granata<br>Grazia D\u2019Angelo<br>Alessandro Geraci<\/p>\n\n\n\n<p><strong>IMPEGNO CIVICO:<\/strong><\/p>\n\n\n\n<p>Francesco D\u2019Uva<br>Roberta Alaimo<br>Andrea Giarrizzo<\/p>\n\n\n\n<p><strong>+EUROPA:<\/strong><\/p>\n\n\n\n<p>Palmira Mancuso<br>Antonio Lo Re<br>Chiara Guglielmino<\/p>\n\n\n\n<p><strong>TERZO POLO<\/strong> <strong>(Azione-Italia Viva):<\/strong><\/p>\n\n\n\n<p>Gianni Palazzolo<br>Rosaria Moschella<br>Andrea Ferrara<\/p>\n\n\n\n<p><strong>SUD CHIAMA NORD:<\/strong><\/p>\n\n\n\n<p>Costantino Valentina<br>Fumia Luciano<br>Drai\u00e0 Francesca<\/p>\n\n\n\n<p><strong>UNIONE POPOLARE:<\/strong><\/p>\n\n\n\n<p>Mucciardi<br>Simona Stracuzzi<br>Ivan Cal\u00ec<\/p>\n\n\n\n<p><strong>NOI DI CENTRO EUROPEISTI:<\/strong><\/p>\n\n\n\n<p>Lucia Pinsone<br>Domingo Vasi<\/p>\n\n\n\n<p><br><strong>ITALIA SOVRANA E POPOLARE:<\/strong><\/p>\n\n\n\n<p>Antonio Ingroia<br>Marianella Fioravanti<br>Alessandro D\u2019Alessandro<br>Maria Baglione<\/p>\n\n\n\n<p><strong>ITALEXIT:<\/strong><\/p>\n\n\n\n<p>Annamaria Loriana Gatto Rotondo<br>Santo Musumeci<br>Elena Agata Malafarina<\/p>\n\n\n\n<p><strong>FORZA NUOVA:<\/strong><\/p>\n\n\n\n<p>Monica Grillo<br>Giuseppe Bonanno Conti<br>Concetta Maria Catania<br>Alessio Abate<\/p>\n\n\n\n<p><strong>PARTITO PENSIERO ED AZIONE:<\/strong><\/p>\n\n\n\n<p>Giuseppe Ferrara<br>Fortunata Ferrara<\/p>\n\n\n\n<p><strong>di Michele Bruno<\/strong><\/p>\n","protected":false},"excerpt":{"rendered":"<p>Si scaldano i motori. La campagna elettorale vera e propria potr\u00e0 adesso entrare nel vivo. Sono stati depositati i nomi dei candidati alle Elezioni Politiche del 25 Settembre 2022. Si preparano gli aspiranti deputati e senatori messinesi per la prossima legislatura del Parlamento della Repubblica Italiana. Chi sono? Prima di passare ai nomi, va fatta [&hellip;]<\/p>\n","protected":false},"author":8,"featured_media":118815,"comment_status":"open","ping_status":"open","sticky":false,"template":"","format":"standard","meta":{"ub_ctt_via":"","_mi_skip_tracking":false},"categories":[19],"tags":[4966,4965,833,2766,4964,4967],"featured_image_src":"https:\/\/www.messinaoggi.it\/website\/wp-content\/uploads\/2022\/08\/Acquisisci-schermata-Web_23-8-2022_18534_www.wired_.it_.jpeg","author_info":{"display_name":"red..me","author_link":"https:\/\/www.messinaoggi.it\/website\/author\/redstage\/"},"digistream_id":0,"digistream":false,"_links":{"self":[{"href":"https:\/\/www.messinaoggi.it\/website\/wp-json\/wp\/v2\/posts\/118804"}],"collection":[{"href":"https:\/\/www.messinaoggi.it\/website\/wp-json\/wp\/v2\/posts"}],"about":[{"href":"https:\/\/www.messinaoggi.it\/website\/wp-json\/wp\/v2\/types\/post"}],"author":[{"embeddable":true,"href":"https:\/\/www.messinaoggi.it\/website\/wp-json\/wp\/v2\/users\/8"}],"replies":[{"embeddable":true,"href":"https:\/\/www.messinaoggi.it\/website\/wp-json\/wp\/v2\/comments?post=118804"}],"version-history":[{"count":14,"href":"https:\/\/www.messinaoggi.it\/website\/wp-json\/wp\/v2\/posts\/118804\/revisions"}],"predecessor-version":[{"id":118859,"href":"https:\/\/www.messinaoggi.it\/website\/wp-json\/wp\/v2\/posts\/118804\/revisions\/118859"}],"wp:featuredmedia":[{"embeddable":true,"href":"https:\/\/www.messinaoggi.it\/website\/wp-json\/wp\/v2\/media\/118815"}],"wp:attachment":[{"href":"https:\/\/www.messinaoggi.it\/website\/wp-json\/wp\/v2\/media?parent=118804"}],"wp:term":[{"taxonomy":"category","embeddable":true,"href":"https:\/\/www.messinaoggi.it\/website\/wp-json\/wp\/v2\/categories?post=118804"},{"taxonomy":"post_tag","embeddable":true,"href":"https:\/\/www.messinaoggi.it\/website\/wp-json\/wp\/v2\/tags?post=118804"}],"curies":[{"name":"wp","href":"https:\/\/api.w.org\/{rel}","templated":true}]}}