{"id":118774,"date":"2022-08-23T15:34:34","date_gmt":"2022-08-23T13:34:34","guid":{"rendered":"https:\/\/www.messinaoggi.it\/website\/2022\/08\/23\/chinnici-non-volto-le-spalle-agli-elettori-il-mio-impegno-a-disposizione\/"},"modified":"2022-08-23T15:54:04","modified_gmt":"2022-08-23T13:54:04","slug":"chinnici-non-volto-le-spalle-agli-elettori-il-mio-impegno-a-disposizione","status":"publish","type":"post","link":"https:\/\/www.messinaoggi.it\/website\/2022\/08\/23\/chinnici-non-volto-le-spalle-agli-elettori-il-mio-impegno-a-disposizione\/","title":{"rendered":"Chinnici \u201cNon volto le spalle agli elettori, il mio impegno a disposizione\u201d"},"content":{"rendered":"<div>\n<p>PALERMO (ITALPRESS) \u2013 \u201cRingrazio il Partito Democratico per la nuova proposta di candidatura e per le manifestazioni di sostegno e fiducia che mi sono state rivolte sia dalla Direzione regionale che dai vertici nazionali. L\u2019uscita del MoVimento 5 Stelle dal Campo progressista ha stravolto lo scenario, azzerando di fatto lo schema delineato con le primarie di coalizione, ma questo non preclude l\u2019apertura di un nuovo corso. Non volter\u00f2 le spalle agli elettori, quelli che hanno votato alle primarie e anche i tantissimi altri che sono pronti a sostenermi riponendo, di questo sono certa, precise aspettative nella mia storia, dandomi una consegna di responsabilit\u00e0 della quale, nel mio ruolo guida, intendo essere garante\u201d. A dirlo \u00e8 Caterina Chinnici accogliendo la nuova proposta avanzata dai vertici del PD per la sua candidatura alla presidenza della Regione Siciliana.<br \/>\u201cMetto nuovamente a disposizione il mio amore per la Sicilia, il mio impegno  \u2013 aggiunge Caterina Chinnici \u2013 nella consapevolezza che il percorso prospettato \u00e8 ora pi\u00f9 difficile. A maggior ragione, per questo, mi aspetto che con la giusta unit\u00e0 di intenti si creino in tutti i sensi, anche sul piano delle alleanze, i presupposti i per lavorare in totale armonia al progetto di rinnovamento che abbiamo in mente per la Sicilia\u201d.<br \/>credit photo agenziafotogramma.it<br \/>(ITALPRESS).<div id=\"div-gpt-ad-Messinaoggi.it-DSK-300x250-corpoart\" style=\"text-align:center;margin:0 auto;\"><\/div><\/p>\n<\/div>\n<div id=\"videoincontent\" style=\"clear:both\";><\/div>","protected":false},"excerpt":{"rendered":"<p>PALERMO (ITALPRESS) \u2013 \u201cRingrazio il Partito Democratico per la nuova proposta di candidatura e per le manifestazioni di sostegno e fiducia che mi sono state rivolte sia dalla Direzione regionale che dai vertici nazionali. L\u2019uscita del MoVimento 5 Stelle dal Campo progressista ha stravolto lo scenario, azzerando di fatto lo schema delineato con le primarie [&hellip;]<\/p>\n","protected":false},"author":18,"featured_media":118775,"comment_status":"closed","ping_status":"closed","sticky":false,"template":"","format":"standard","meta":{"ub_ctt_via":"","_mi_skip_tracking":false},"categories":[11,2449],"tags":[783],"featured_image_src":"https:\/\/www.messinaoggi.it\/website\/wp-content\/uploads\/2022\/08\/20220823_0856.jpg","author_info":{"display_name":"Admin","author_link":"https:\/\/www.messinaoggi.it\/website\/author\/admin\/"},"digistream_id":0,"digistream":false,"_links":{"self":[{"href":"https:\/\/www.messinaoggi.it\/website\/wp-json\/wp\/v2\/posts\/118774"}],"collection":[{"href":"https:\/\/www.messinaoggi.it\/website\/wp-json\/wp\/v2\/posts"}],"about":[{"href":"https:\/\/www.messinaoggi.it\/website\/wp-json\/wp\/v2\/types\/post"}],"author":[{"embeddable":true,"href":"https:\/\/www.messinaoggi.it\/website\/wp-json\/wp\/v2\/users\/18"}],"replies":[{"embeddable":true,"href":"https:\/\/www.messinaoggi.it\/website\/wp-json\/wp\/v2\/comments?post=118774"}],"version-history":[{"count":1,"href":"https:\/\/www.messinaoggi.it\/website\/wp-json\/wp\/v2\/posts\/118774\/revisions"}],"predecessor-version":[{"id":118785,"href":"https:\/\/www.messinaoggi.it\/website\/wp-json\/wp\/v2\/posts\/118774\/revisions\/118785"}],"wp:featuredmedia":[{"embeddable":true,"href":"https:\/\/www.messinaoggi.it\/website\/wp-json\/wp\/v2\/media\/118775"}],"wp:attachment":[{"href":"https:\/\/www.messinaoggi.it\/website\/wp-json\/wp\/v2\/media?parent=118774"}],"wp:term":[{"taxonomy":"category","embeddable":true,"href":"https:\/\/www.messinaoggi.it\/website\/wp-json\/wp\/v2\/categories?post=118774"},{"taxonomy":"post_tag","embeddable":true,"href":"https:\/\/www.messinaoggi.it\/website\/wp-json\/wp\/v2\/tags?post=118774"}],"curies":[{"name":"wp","href":"https:\/\/api.w.org\/{rel}","templated":true}]}}