{"id":118770,"date":"2022-08-23T13:17:50","date_gmt":"2022-08-23T11:17:50","guid":{"rendered":"https:\/\/www.messinaoggi.it\/website\/2022\/08\/23\/la-corsa-di-scarpinato-per-il-senato-ha-prevalso-il-senso-del-dovere\/"},"modified":"2022-08-23T15:53:41","modified_gmt":"2022-08-23T13:53:41","slug":"la-corsa-di-scarpinato-per-il-senato-ha-prevalso-il-senso-del-dovere","status":"publish","type":"post","link":"https:\/\/www.messinaoggi.it\/website\/2022\/08\/23\/la-corsa-di-scarpinato-per-il-senato-ha-prevalso-il-senso-del-dovere\/","title":{"rendered":"La corsa di Scarpinato per il Senato \u201cHa prevalso il senso del dovere\u201d"},"content":{"rendered":"<div>\n<p>PALERMO (ITALPRESS) \u2013 \u201cNon mi aspettavo una proposta di candidatura da parte del Movimento 5 Stelle e mi sono preso dei giorni per rifletterci. Poi, per\u00f2, ha prevalso il senso del dovere\u201d. Dopo una lunga carriera da magistrato, schierato in prima linea contro la mafia, i servizi deviati e gli accordi occulti tra la criminalit\u00e0 e la politica, l\u2019ex procuratore di Palermo da pochi mesi in pensione, Roberto Scarpinato, ha accettato di correre con il Movimento 5 Stelle per le elezioni politiche del 25 settembre. In un\u2019intervista all\u2019Italpress, l\u2019ex magistrato siciliano chiarisce i motivi alla base della sua decisione di presentarsi al giudizio degli elettori, scendendo in campo come capolista nel collegio Sicilia 1 per il Senato, con l\u2019obiettivo di portare la sua esperienza decennale e le sue conoscenze nel campo della giustizia e dell\u2019antimafia nel movimento guidato da Giuseppe Conte.<br \/>\u201cIl pensionamento mi ha restituito un diritto altrimenti prima incompatibile con il mio ruolo di magistrato. In verit\u00e0, dopo pi\u00f9 di 30 anni di antimafia in prima linea, con un carico di stress e la conseguente rinuncia a una vita normale, avevo altri programmi e pensavo di dare priorit\u00e0 ai miei affetti personali \u2013 spiega Scarpinato -. Non mi aspettavo la proposta di una candidatura, per questo mi sono preso alcuni giorni di tempo per una decisione difficile e sofferta. Parte di me diceva che avevo dato abbastanza allo Stato nel mio precedente ruolo e avevo diritto a riposarmi, alla fine ha prevalso il senso del dovere, non me la sono sentita di restare inattivo di fronte al declino della Nazione, alle ingiustizie e disuguaglianze sociali e a un decadimento verticale della politica che si riflette sulla credibilit\u00e0 dello Stato\u201d.<br \/>E\u2019 stato Conte a cercare Scarpinato e a inserirlo nel listino da candidare in collegi sicuri, ma a far propendere per il s\u00ec l\u2019ex magistrato \u00e8 stata l\u2019attenzione del Movimento 5 Stelle nei confronti di giustizia e antimafia: \u201cIl M5S ha assegnato un ruolo centrale alla questione giustizia, alla mafia e al sociale. Si pu\u00f2 essere d\u2019accordo o meno sulle singole riforme promosse, ma di certo loro per me si muovono nella giusta direzione. Il Movimento 5 stelle dimostra di non essere integrato e omologato nel sistema di potere dominante e quindi ha la capacit\u00e0 di agire contro tutte le manovre che negli ultimi anni hanno avuto come unico comun denominatore e come risultato quello di garantire in un modo o in un altro l\u2019impunit\u00e0 per i reati dei colletti bianchi, e di ripristinare una giustizia classista forte con i deboli e deboli con i forti \u2013 sottolinea Scarpinato -. Allo stesso tempo, l\u2019antimafia \u00e8 importante e centrale per il M5S, basti ricordare che solo grazie alla loro mobilitazione \u00e8 stato modificato il disegno di legge Cartabia che prevedeva l\u2019improcedibilit\u00e0 di tutti i processi per i reati di mafia puniti con pene diverse dall\u2019ergastolo che non fossero stati definiti entro due anni in grado di appello e entro un anno in Cassazione\u201d.<br \/>\u201cInoltre, dinanzi al ritorno in campo di Dell\u2019Utri e Cuffaro, altri nicchiavano, mentre i 5 Stelle hanno espresso un netto contrasto, anche organizzando manifestazioni. In ogni caso, nell\u2019accettare la candidatura ho fatto sapere a Conte che mi considero un candidato indipendente \u2013 precisa l\u2019ex magistrato ricordando la natura della sua candidatura -. Pertanto potr\u00f2 esprimere la mia opinione e il mio eventuale dissenso su determinate scelte non condivise, in nome dell\u2019indipendenza che \u00e8 parte costitutiva della mia personalit\u00e0\u201d.<br \/>Se da un lato in molti hanno accolto con favore la sua discesa in campo, tra questi Salvatore Borsellino che ha definito la sua candidatura come un \u201csogno\u201d, d\u2019altro canto c\u2019\u00e8 chi ha espresso diverse perplessit\u00e0 circa una presunta inopportunit\u00e0 legata alla sua precedente carriera di magistrato: \u201cIn tanti anni di indagini su delitti eccellenti, stragi, riciclaggio, collusioni e patti occulti con il sistema di potere mafioso, ho potuto comprendere come funzionano le dinamiche del potere in Italia e di scoprire i suoi lati pi\u00f9 oscuri che hanno contribuito al declino economico della nazione. Credo pertanto di potere portare un contributo anche contro l\u2019azione occulta e nefasta svolta da gruppi di potere antidemocratici \u2013 spiega Scarpinato -. Tenuto conto che mi sono sempre occupato di antimafia, sarebbe interessante capire perch\u00e8 la mia candidatura sarebbe inopportuna. Sarebbe inopportuna la mia candidatura perch\u00e8 nel corso della mia precedente esperienza professionale sono venuto a conoscenza di informazioni su mafia, massoneria deviata e riciclaggio internazionale? Qualcuno considera forse inopportuno che io possa portare in parlamento questi temi? \u2013 attacca Scarpinato \u2013 O piuttosto qualcuno si preoccupa della mia candidatura perch\u00e8 oltre a svolgere indagini sulla mafia militare mi sono occupato anche di colletti bianchi collusi? Finch\u00e8 mi occupo di Riina non \u00e8 inopportuno, se si indaga su chi ha protetto Riina e fatto affari con lui la candidatura diventa inopportuna? Mi pare invece che ci siano altri profili di inopportunit\u00e0 da attenzionare: per esempio, \u00e8 opportuno che ci siano soggetti che si candidano e cercano l\u2019appoggio di soggetti condannati per reati di mafia?\u201d.<br \/>Ed \u00e8 proprio sul recente processo di restaurazione del passato e sui \u201csistemi criminali\u201d che Scarpinato vuole focalizzare l\u2019attenzione: \u201cTanti studiosi concordano nel diagnosticare che siamo entrati una fase recessiva della democrazia, \u00e8 un processo inquietante. Alcuni parlano di un fenomeno di progressivo e sotterraneo ritorno alla politica dei clan. Un gioco che si svolge tutto interno ai palazzi del potere nei quali vince l\u2019una o l\u2019altra cordata, ma comunque il cittadino comune perde sempre perch\u00e8 \u00e8 fuori dai giochi \u2013 aggiunge Scarpinato -. I nuovi protagonisti della criminalit\u00e0 ora sono i sistemi criminali e i comitati crimino-affaristici, e ne fanno parte esponenti della politica e della finanza, faccendieri e imprenditori, colletti bianchi delle mafie, e le mafie mercatiste \u2013 conclude l\u2019ex magistrato \u2013 che sono invece quelle che cavalcano la logica del mercato e che si vanno convertendo in agenzie che offrono sul libero mercato beni e servizi illegali per i quali \u00e8 esplosa una domanda di massa\u201d.<div id=\"div-gpt-ad-Messinaoggi.it-DSK-300x250-corpoart\" style=\"text-align:center;margin:0 auto;\"><\/div><\/p>\n<p>\u2013 foto Agenziafotogramma.it \u2013<div id=\"videoincontent\" style=\"clear:both\";><\/div><\/p>\n<p>(ITALPRESS).<\/p>\n<\/div>\n","protected":false},"excerpt":{"rendered":"<p>PALERMO (ITALPRESS) \u2013 \u201cNon mi aspettavo una proposta di candidatura da parte del Movimento 5 Stelle e mi sono preso dei giorni per rifletterci. Poi, per\u00f2, ha prevalso il senso del dovere\u201d. Dopo una lunga carriera da magistrato, schierato in prima linea contro la mafia, i servizi deviati e gli accordi occulti tra la criminalit\u00e0 [&hellip;]<\/p>\n","protected":false},"author":18,"featured_media":118771,"comment_status":"closed","ping_status":"closed","sticky":false,"template":"","format":"standard","meta":{"ub_ctt_via":"","_mi_skip_tracking":false},"categories":[4,2449],"tags":[783],"featured_image_src":"https:\/\/www.messinaoggi.it\/website\/wp-content\/uploads\/2022\/08\/20220823_0483.jpg","author_info":{"display_name":"Admin","author_link":"https:\/\/www.messinaoggi.it\/website\/author\/admin\/"},"digistream_id":0,"digistream":false,"_links":{"self":[{"href":"https:\/\/www.messinaoggi.it\/website\/wp-json\/wp\/v2\/posts\/118770"}],"collection":[{"href":"https:\/\/www.messinaoggi.it\/website\/wp-json\/wp\/v2\/posts"}],"about":[{"href":"https:\/\/www.messinaoggi.it\/website\/wp-json\/wp\/v2\/types\/post"}],"author":[{"embeddable":true,"href":"https:\/\/www.messinaoggi.it\/website\/wp-json\/wp\/v2\/users\/18"}],"replies":[{"embeddable":true,"href":"https:\/\/www.messinaoggi.it\/website\/wp-json\/wp\/v2\/comments?post=118770"}],"version-history":[{"count":1,"href":"https:\/\/www.messinaoggi.it\/website\/wp-json\/wp\/v2\/posts\/118770\/revisions"}],"predecessor-version":[{"id":118790,"href":"https:\/\/www.messinaoggi.it\/website\/wp-json\/wp\/v2\/posts\/118770\/revisions\/118790"}],"wp:featuredmedia":[{"embeddable":true,"href":"https:\/\/www.messinaoggi.it\/website\/wp-json\/wp\/v2\/media\/118771"}],"wp:attachment":[{"href":"https:\/\/www.messinaoggi.it\/website\/wp-json\/wp\/v2\/media?parent=118770"}],"wp:term":[{"taxonomy":"category","embeddable":true,"href":"https:\/\/www.messinaoggi.it\/website\/wp-json\/wp\/v2\/categories?post=118770"},{"taxonomy":"post_tag","embeddable":true,"href":"https:\/\/www.messinaoggi.it\/website\/wp-json\/wp\/v2\/tags?post=118770"}],"curies":[{"name":"wp","href":"https:\/\/api.w.org\/{rel}","templated":true}]}}