{"id":118755,"date":"2022-08-23T12:12:58","date_gmt":"2022-08-23T10:12:58","guid":{"rendered":"http:\/\/www.messinaoggi.it\/website\/?p=118755"},"modified":"2022-08-23T12:13:00","modified_gmt":"2022-08-23T10:13:00","slug":"circoscrizioni-donato-ora-sicilia-chiede-lannessione-di-contemplazione-e-paradiso-alla-vi","status":"publish","type":"post","link":"https:\/\/www.messinaoggi.it\/website\/2022\/08\/23\/circoscrizioni-donato-ora-sicilia-chiede-lannessione-di-contemplazione-e-paradiso-alla-vi\/","title":{"rendered":"Circoscrizioni, Donato (Ora Sicilia) chiede l\u2019annessione di Contemplazione e Paradiso alla VI"},"content":{"rendered":"\n<p>\u201cCon una richiesta ufficiale indirizzata al presidente Francesco Pagano, ho proposto la modifica dei confini della VI Municipalit\u00e0 per inglobare, nel territorio della circoscrizione pi\u00f9 a nord della citt\u00e0 di Messina, le zone comprese tra il villaggio di Contemplazione e il viale Annunziata pi\u00f9, ovviamente, la porzione di strada Panoramica dello Stretto parallela ad esse\u201d. Lo dichiara in una nota il consigliere della VI Municipalit\u00e0 di Ora Sicilia, Giovanni Donato.<div id=\"div-gpt-ad-Messinaoggi.it-DSK-300x250-corpoart\" style=\"text-align:center;margin:0 auto;\"><\/div><\/p>\n\n\n\n<p>\u201cNella tornata elettorale dello scorso giugno &#8211; prosegue &#8211; uno dei temi pi\u00f9 dibattuti \u00e8 stato quello del referendum Montemare: un proposito che avrebbe potuto portare alla creazione di un nuovo comune col distaccamento di alcuni villaggi della zona nord. Il risultato \u00e8 stato di bocciatura netta, fortunatamente, ma resta evidente come il tema sia ancora attuale e come i territori della parte settentrionale della nostra citt\u00e0 necessitino di una riscrittura dei propri confini. <div id=\"videoincontent\" style=\"clear:both\";><\/div><\/p>\n\n\n\n<p>\u201cSul tavolo, adesso, resta l\u2019idea della creazione del VII quartiere, cos\u00ec da garantire, ai residenti della parte pi\u00f9 estrema della VI Municipalit\u00e0, maggiori garanzie in termini di rappresentativit\u00e0 e partecipazione. Una soluzione praticabile e razionale che potrebbe ovviare ai problemi di distacco percepiti dai residenti stessi. Questa iniziativa, chiaramente, ben si sposa con la proposta da me inoltrata per la modifica dei confini della VI Municipalit\u00e0 con l\u2019annessione \u2013 come detto \u2013 di zone facenti parte il quinto quartiere.<\/p>\n\n\n\n<p>\u201cI villaggi di Contemplazione e Paradiso \u2013 pi\u00f9 la strada Panoramica \u2013 sono naturali prolungamenti della VI Municipalit\u00e0. Questi villaggi, infatti, fanno parte della fascia di costa denominata \u201criviera nord\u201d e condividono con gli altri villaggi presenti stili di vita, problematiche ed esigenze. Non solo, perch\u00e9 ad essere condivisi sono anche gli impianti di pubblica illuminazione, le reti fognarie ed i servizi legati alle partecipate del Comune di Messina. Sono evidenti, quindi, le motivazioni per le quali questi territori dovrebbero ricadere all\u2019interno della medesima circoscrizione, in questo caso la sesta. <\/p>\n\n\n\n<p>\u201cSolo cos\u00ec, infatti, sar\u00e0 possibile migliorare la qualit\u00e0 di vita dei residenti di queste frazioni, che allo stato attuale sono costretti a perdersi in lungaggini burocratiche legate a competenze di uffici differenti anche di fronte a problemi riguardanti zone ravvicinate tra loro\u201d.<\/p>\n","protected":false},"excerpt":{"rendered":"<p>\u201cCon una richiesta ufficiale indirizzata al presidente Francesco Pagano, ho proposto la modifica dei confini della VI Municipalit\u00e0 per inglobare, nel territorio della circoscrizione pi\u00f9 a nord della citt\u00e0 di Messina, le zone comprese tra il villaggio di Contemplazione e il viale Annunziata pi\u00f9, ovviamente, la porzione di strada Panoramica dello Stretto parallela ad esse\u201d. [&hellip;]<\/p>\n","protected":false},"author":8,"featured_media":118756,"comment_status":"open","ping_status":"open","sticky":false,"template":"","format":"standard","meta":{"ub_ctt_via":"","_mi_skip_tracking":false},"categories":[4],"tags":[2734],"featured_image_src":"https:\/\/www.messinaoggi.it\/website\/wp-content\/uploads\/2022\/08\/giovanni-donato.jpg","author_info":{"display_name":"red..me","author_link":"https:\/\/www.messinaoggi.it\/website\/author\/redstage\/"},"digistream_id":0,"digistream":false,"_links":{"self":[{"href":"https:\/\/www.messinaoggi.it\/website\/wp-json\/wp\/v2\/posts\/118755"}],"collection":[{"href":"https:\/\/www.messinaoggi.it\/website\/wp-json\/wp\/v2\/posts"}],"about":[{"href":"https:\/\/www.messinaoggi.it\/website\/wp-json\/wp\/v2\/types\/post"}],"author":[{"embeddable":true,"href":"https:\/\/www.messinaoggi.it\/website\/wp-json\/wp\/v2\/users\/8"}],"replies":[{"embeddable":true,"href":"https:\/\/www.messinaoggi.it\/website\/wp-json\/wp\/v2\/comments?post=118755"}],"version-history":[{"count":1,"href":"https:\/\/www.messinaoggi.it\/website\/wp-json\/wp\/v2\/posts\/118755\/revisions"}],"predecessor-version":[{"id":118757,"href":"https:\/\/www.messinaoggi.it\/website\/wp-json\/wp\/v2\/posts\/118755\/revisions\/118757"}],"wp:featuredmedia":[{"embeddable":true,"href":"https:\/\/www.messinaoggi.it\/website\/wp-json\/wp\/v2\/media\/118756"}],"wp:attachment":[{"href":"https:\/\/www.messinaoggi.it\/website\/wp-json\/wp\/v2\/media?parent=118755"}],"wp:term":[{"taxonomy":"category","embeddable":true,"href":"https:\/\/www.messinaoggi.it\/website\/wp-json\/wp\/v2\/categories?post=118755"},{"taxonomy":"post_tag","embeddable":true,"href":"https:\/\/www.messinaoggi.it\/website\/wp-json\/wp\/v2\/tags?post=118755"}],"curies":[{"name":"wp","href":"https:\/\/api.w.org\/{rel}","templated":true}]}}