{"id":118671,"date":"2022-08-22T17:17:52","date_gmt":"2022-08-22T15:17:52","guid":{"rendered":"https:\/\/www.messinaoggi.it\/website\/2022\/08\/22\/barbagallo-quello-del-m5s-e-alto-tradimento-nei-confronti-dei-siciliani\/"},"modified":"2022-08-22T17:17:52","modified_gmt":"2022-08-22T15:17:52","slug":"barbagallo-quello-del-m5s-e-alto-tradimento-nei-confronti-dei-siciliani","status":"publish","type":"post","link":"https:\/\/www.messinaoggi.it\/website\/2022\/08\/22\/barbagallo-quello-del-m5s-e-alto-tradimento-nei-confronti-dei-siciliani\/","title":{"rendered":"Barbagallo \u201cQuello del M5S \u00e8 alto tradimento nei confronti dei siciliani\u201d"},"content":{"rendered":"<div>\n<p>PALERMO (ITALPRESS) \u2013 \u201cA Giuseppe Conte dico, intanto, che la dignit\u00e0 \u00e8 mantenere la parola data. E questa rocambolesca giravolta di oggi del suo Movimento \u00e8 tutt\u2019altro che degna. Quello del M5S \u00e8 alto tradimento nei confronti dei siciliani che hanno creduto al fronte progressista. Il Movimento 5 stelle in Sicilia aveva condiviso l\u2019opposizione a Musumeci e in virt\u00f9 di questo ha sottoscritto un patto per le primarie di coalizione. Hanno garantito il sostegno alla candidata vincitrice, Caterina Chinnici e il PD aveva detto, pi\u00f9 volte nei giorni scorsi, si a tutte le richieste da loro avanzate. Alcune anche premature per non dire stravaganti. Abbiamo atteso fiduciosi ma chiaramente oggi di fronte a questa presa di posizione inspiegabile prendiamo atto che la coalizione progressista finisce qui. Il M5S si assume la responsabilit\u00e0 di sciogliere una alleanza e una coalizione per la quale abbiamo lavorato per anni e chiamato al voto oltre 30 mila siciliani in uno sforzo comune non indifferente, vanificato da scelte politiche che nulla hanno a che fare con la Sicilia e i siciliani \u201c. Lo dichiara il segretario regionale del PD Sicilia, Anthony Barbagallo, dopo che il leader del M5S, Giuseppe Conte, ha comunicato via Facebook che il M5S correr\u00e0 da solo in Sicilia uscendo dalla coalizione del fronte progressista.<br \/>credit photo agenziafotogramma.it<br \/>(ITALPRESS).<div id=\"div-gpt-ad-Messinaoggi.it-DSK-300x250-corpoart\" style=\"text-align:center;margin:0 auto;\"><\/div><\/p>\n<\/div>\n<div id=\"videoincontent\" style=\"clear:both\";><\/div>","protected":false},"excerpt":{"rendered":"<p>PALERMO (ITALPRESS) \u2013 \u201cA Giuseppe Conte dico, intanto, che la dignit\u00e0 \u00e8 mantenere la parola data. E questa rocambolesca giravolta di oggi del suo Movimento \u00e8 tutt\u2019altro che degna. Quello del M5S \u00e8 alto tradimento nei confronti dei siciliani che hanno creduto al fronte progressista. Il Movimento 5 stelle in Sicilia aveva condiviso l\u2019opposizione a [&hellip;]<\/p>\n","protected":false},"author":18,"featured_media":118672,"comment_status":"closed","ping_status":"closed","sticky":false,"template":"","format":"standard","meta":{"ub_ctt_via":"","_mi_skip_tracking":false},"categories":[2449],"tags":[783],"featured_image_src":"https:\/\/www.messinaoggi.it\/website\/wp-content\/uploads\/2022\/08\/20220822_1060.jpg","author_info":{"display_name":"Admin","author_link":"https:\/\/www.messinaoggi.it\/website\/author\/admin\/"},"digistream_id":0,"digistream":false,"_links":{"self":[{"href":"https:\/\/www.messinaoggi.it\/website\/wp-json\/wp\/v2\/posts\/118671"}],"collection":[{"href":"https:\/\/www.messinaoggi.it\/website\/wp-json\/wp\/v2\/posts"}],"about":[{"href":"https:\/\/www.messinaoggi.it\/website\/wp-json\/wp\/v2\/types\/post"}],"author":[{"embeddable":true,"href":"https:\/\/www.messinaoggi.it\/website\/wp-json\/wp\/v2\/users\/18"}],"replies":[{"embeddable":true,"href":"https:\/\/www.messinaoggi.it\/website\/wp-json\/wp\/v2\/comments?post=118671"}],"version-history":[{"count":0,"href":"https:\/\/www.messinaoggi.it\/website\/wp-json\/wp\/v2\/posts\/118671\/revisions"}],"wp:featuredmedia":[{"embeddable":true,"href":"https:\/\/www.messinaoggi.it\/website\/wp-json\/wp\/v2\/media\/118672"}],"wp:attachment":[{"href":"https:\/\/www.messinaoggi.it\/website\/wp-json\/wp\/v2\/media?parent=118671"}],"wp:term":[{"taxonomy":"category","embeddable":true,"href":"https:\/\/www.messinaoggi.it\/website\/wp-json\/wp\/v2\/categories?post=118671"},{"taxonomy":"post_tag","embeddable":true,"href":"https:\/\/www.messinaoggi.it\/website\/wp-json\/wp\/v2\/tags?post=118671"}],"curies":[{"name":"wp","href":"https:\/\/api.w.org\/{rel}","templated":true}]}}