{"id":118643,"date":"2022-08-22T14:47:50","date_gmt":"2022-08-22T12:47:50","guid":{"rendered":"https:\/\/www.messinaoggi.it\/website\/2022\/08\/22\/ars-armao-mai-piu-leader-presidenti-limitare-il-voto-segreto\/"},"modified":"2022-08-22T14:47:50","modified_gmt":"2022-08-22T12:47:50","slug":"ars-armao-mai-piu-leader-presidenti-limitare-il-voto-segreto","status":"publish","type":"post","link":"https:\/\/www.messinaoggi.it\/website\/2022\/08\/22\/ars-armao-mai-piu-leader-presidenti-limitare-il-voto-segreto\/","title":{"rendered":"Ars, Armao \u201cMai pi\u00f9 leader presidenti, limitare il voto segreto\u201d"},"content":{"rendered":"<div>\n<p>PALERMO (ITALPRESS) \u2013 \u201cMai pi\u00f9 un leader politico alla presidenza dell\u2019Assemblea Regionale Siciliana, perch\u00e8 si determina una stortura istituzionale inaccettabile dei lavori d\u2019Aula, del dialogo tra le forze politiche, del rapporto tra Governo e Parlamento. Il presidente di un Parlamento deve essere e apparire imparziale. Chieder\u00f2 ai candidati di prendere impegni chiari su questo punto\u201d. Lo afferma in un\u2019intervista all\u2019Italpress Gaetano Armao, candidato di Azione e Italia Viva alla presidenza della Regione Siciliana.<br \/>Armao chiede inoltre la \u201climitazione del voto segreto\u201d, perch\u00e8 a suo dire \u201cla Sicilia \u00e8 relegata dal regolamento dell\u2019Assemblea a un ruolo di Paese del terzo mondo. Un gruppetto di parlamentari pu\u00f2 chiedere il voto segreto su qualsiasi cosa. Dobbiamo guardare alla Sicilia, il parlamentare ha la responsabilit\u00e0 dell\u2019intera regione, non solo del proprio territorio. Il voto segreto va limitato ad alcuni casi\u201d.<br \/>\u201cIl bilancio regionale deve essere emendabile fin quando \u00e8 in Commissione \u2013 aggiunge -. In Aula va approvato o bocciato in blocco. Deve finire il mercato delle vacche che si realizza nell\u2019Ars e che ho dovuto affrontare per cinque anni, con un singolo parlamentare se che chiede il voto segreto su una voce di bilancio per bocciarla. Questo \u00e8 un modo di fare inaccettabile che rende la Sicilia arretrata e rallenta i processi decisionali\u201d.<br \/>Armao spiega cos\u00ec la sua decisione di approdare al Terzo Polo: \u201cIl centrodestra ha assunto nel tempo una configurazione profondamente diversa rispetto a quella che aveva avuto. Soprattutto in Sicilia alcune esagerazioni, in particolar modo nella gestione di Forza Italia hanno portato a una situazione che \u00e8 sotto gli occhi di tutti. Il candidato del centrodestra \u00e8 stato individuato in una notte in cui ce n\u2019erano altri due-tre probabili, c\u2019\u00e8 stata una confusione generale e una litigiosit\u00e0 pesantissima \u2013 afferma il vicepresidente della Regione -. Questa proposta politica non ha avuto n\u00e8 coerenza rispetto a quella di cinque anni fa n\u00e8 una prospettiva vincente per la Sicilia\u201d. \u201cIl Terzo Polo \u00e8 nuova aria per la politica nazionale e siciliana. Propone un\u2019aggregazione tra le forze cattoliche, liberali, riformiste, con un centrismo ispirato ai valori che in Sicilia hanno una grande radice, pensiamo a personalit\u00e0 come don Sturzo e Crispi\u201d, spiega ancora Armao, che sulla legalit\u00e0 si dice \u201cd\u2019accordo con l\u2019allarme lanciato da Maria Falcone, bisogna tenere la guardia altissima contro la mafia. Non bisogna abbassare la guardia perch\u00e8 \u00e8 la mafia \u00e8 dietro l\u2019angolo, pu\u00f2 tornare a condizionare percorsi e processi molto facilmente, e non \u00e8 escluso che lo faccia gi\u00e0 da queste elezioni\u201d.<br \/>Sul piano dei programmi \u201cla priorit\u00e0 \u00e8 il lavoro. Troppi ragazzi sono andati via dalla Sicilia, troppi ne abbiamo persi. Dobbiamo farli ritornare con una fiscalit\u00e0 di sviluppo. La condizione di insularit\u00e0 grazie al lavoro di questi anni \u00e8 stata inserita in Costituzione ed \u00e8 un\u2019opportunit\u00e0. Bisogna rafforzare questa prospettiva\u201d, sottolinea Armao, che sul piano delle infrastrutture considera \u201cil Ponte sullo Stretto di Messina una scelta ineludibile, in pieno raccordo con il rafforzamento della rete viaria, che va portato avanti con un piano straordinario\u201d.<br \/>Per la P.A. \u201cuna riforma burocratica \u00e8 una priorit\u00e0, e serve un ricambio generazionale nella Pubblica Amministrazione, che \u00e8 stressata da mille adempimenti, \u00e8 molto magra al centro, cio\u00e8 a Palermo, dove ci sono le decisioni pi\u00f9 rilevanti da assumere, ed \u00e8 invece gravata da presenze magari ridondanti in alcune province. \u201cCon il telelavoro si pu\u00f2 risolvere molto su questo fronte. Sul digitale abbiamo fatto passi da gigante, la Sicilia \u00e8 la prima regione italiana per la digitalizzazione dei Comuni\u201d.<br \/>Infine Armao annuncia per il 24 agosto un incontro con associazioni di categoria e sindacati \u201cper una giornata di ascolto del mondo che produce beni, servizi, cultura, solidariet\u00e0. Abbiamo tante idee per la Sicilia, ma dobbiamo anche ascoltare e raccogliere proposte da chi innerva la societ\u00e0\u201d.<div id=\"div-gpt-ad-Messinaoggi.it-DSK-300x250-corpoart\" style=\"text-align:center;margin:0 auto;\"><\/div><\/p>\n<p>\u2013 foto Italpress \u2013<div id=\"videoincontent\" style=\"clear:both\";><\/div><\/p>\n<p>(ITALPRESS).<\/p>\n<\/div>\n","protected":false},"excerpt":{"rendered":"<p>PALERMO (ITALPRESS) \u2013 \u201cMai pi\u00f9 un leader politico alla presidenza dell\u2019Assemblea Regionale Siciliana, perch\u00e8 si determina una stortura istituzionale inaccettabile dei lavori d\u2019Aula, del dialogo tra le forze politiche, del rapporto tra Governo e Parlamento. Il presidente di un Parlamento deve essere e apparire imparziale. Chieder\u00f2 ai candidati di prendere impegni chiari su questo punto\u201d. [&hellip;]<\/p>\n","protected":false},"author":18,"featured_media":118644,"comment_status":"closed","ping_status":"closed","sticky":false,"template":"","format":"standard","meta":{"ub_ctt_via":"","_mi_skip_tracking":false},"categories":[2449],"tags":[783],"featured_image_src":"https:\/\/www.messinaoggi.it\/website\/wp-content\/uploads\/2022\/08\/20220822_0569.jpg","author_info":{"display_name":"Admin","author_link":"https:\/\/www.messinaoggi.it\/website\/author\/admin\/"},"digistream_id":0,"digistream":false,"_links":{"self":[{"href":"https:\/\/www.messinaoggi.it\/website\/wp-json\/wp\/v2\/posts\/118643"}],"collection":[{"href":"https:\/\/www.messinaoggi.it\/website\/wp-json\/wp\/v2\/posts"}],"about":[{"href":"https:\/\/www.messinaoggi.it\/website\/wp-json\/wp\/v2\/types\/post"}],"author":[{"embeddable":true,"href":"https:\/\/www.messinaoggi.it\/website\/wp-json\/wp\/v2\/users\/18"}],"replies":[{"embeddable":true,"href":"https:\/\/www.messinaoggi.it\/website\/wp-json\/wp\/v2\/comments?post=118643"}],"version-history":[{"count":0,"href":"https:\/\/www.messinaoggi.it\/website\/wp-json\/wp\/v2\/posts\/118643\/revisions"}],"wp:featuredmedia":[{"embeddable":true,"href":"https:\/\/www.messinaoggi.it\/website\/wp-json\/wp\/v2\/media\/118644"}],"wp:attachment":[{"href":"https:\/\/www.messinaoggi.it\/website\/wp-json\/wp\/v2\/media?parent=118643"}],"wp:term":[{"taxonomy":"category","embeddable":true,"href":"https:\/\/www.messinaoggi.it\/website\/wp-json\/wp\/v2\/categories?post=118643"},{"taxonomy":"post_tag","embeddable":true,"href":"https:\/\/www.messinaoggi.it\/website\/wp-json\/wp\/v2\/tags?post=118643"}],"curies":[{"name":"wp","href":"https:\/\/api.w.org\/{rel}","templated":true}]}}