{"id":118610,"date":"2022-08-22T10:48:16","date_gmt":"2022-08-22T08:48:16","guid":{"rendered":"http:\/\/www.messinaoggi.it\/website\/?p=118610"},"modified":"2022-08-22T16:33:54","modified_gmt":"2022-08-22T14:33:54","slug":"disastro-stromboli-lavvertimento-di-mareamico","status":"publish","type":"post","link":"https:\/\/www.messinaoggi.it\/website\/2022\/08\/22\/disastro-stromboli-lavvertimento-di-mareamico\/","title":{"rendered":"Disastro Stromboli, l&#8217;avvertimento di Mareamico"},"content":{"rendered":"\n<p>Dopo il disastro ambientale alle Eolie scende di nuovo in campo l&#8217;associazione Mareamico.  &#8220;Ancora una volta si assiste ad un\u2019emergenza che doveva essere evitata. L\u2019incendio di fine maggio che ha distrutto piante e alberi ha reso il terreno di Stromboli privo di vegetazione e, sotto l\u2019incessante pioggia, \u00e8 venuto gi\u00f9 dalla montagna di tutto. Ma ancora una volta si tende a evidenziare l\u2019eccezionalit\u00e0 dell\u2019evento climatico mentre il vero problema \u00e8 l\u2019incuria e l\u2019abbandono del territorio. Dopo l\u2019incendio ci sono stati tre mesi per intervenire e mettere in sicurezza l\u2019isola. Non \u00e8 stato fatto nulla ed oggi si assiste passivamente ad un disastro ambientale senza precedenti. Il fango che ha invaso il paese ha scoperchiato anche vecchie scelte folli del passato. Una discarica a cielo aperto mai bonificata, su un costone sopra spiaggia lunga, \u00e8 venuta gi\u00f9 col fango fino al mare portando con se plastica, rifiuti urbani, detriti di ogni genere. \u00c8 inaccettabile per Stromboli, isola unica al mondo, patrimonio dell\u2019umanit\u00e0 Unesco insieme alle altre isole eoliche. La denuncia di Maremico non si fermer\u00e0 qui ma affronter\u00e0 tutte le scelte strategiche e ambientali che dovranno essere fatte, a partire dall\u2019impianto di compattamento dei rifiuti urbani follemente situato sulla spiaggia vicino al porto di Scari; uno scandalo che deve essere al pi\u00f9 presto risolto trovando una soluzione pi\u00f9 adeguata. Mareamico avverte fin da ora il prossimo presidente della Regione Sicilia, di qualunque colore politico sar\u00e0, che la nostra battaglia per salvare Stromboli dall\u2019incuria e dall\u2019abbandono sar\u00e0 senza tregua fino a che non verr\u00e0 garantito all\u2019isola un piano strategico ambientale e di sicurezza adeguato alla sua eccezionalit\u00e0. Non ci interessa la ricerca delle responsabilit\u00e0 ci interessano le soluzioni, fermo restando che vanno stanziati i ristori necessari a rifondere gli strombolani (abitanti e operatori turistici) dei danni materiali ed immateriali subiti dall\u2019alluvione del 12 agosto in piena stagione turistica. L\u2019amore di Maremico per la Sicilia ci obbliga ad essere vedetta attenta al delicatissimo equilibrio ambientale del suo mare, una risorsa infinita da tutelare&#8221;.<div id=\"div-gpt-ad-Messinaoggi.it-DSK-300x250-corpoart\" style=\"text-align:center;margin:0 auto;\"><\/div><\/p>\n<div id=\"videoincontent\" style=\"clear:both\";><\/div>","protected":false},"excerpt":{"rendered":"<p>Dopo il disastro ambientale alle Eolie scende di nuovo in campo l&#8217;associazione Mareamico. &#8220;Ancora una volta si assiste ad un\u2019emergenza che doveva essere evitata. L\u2019incendio di fine maggio che ha distrutto piante e alberi ha reso il terreno di Stromboli privo di vegetazione e, sotto l\u2019incessante pioggia, \u00e8 venuto gi\u00f9 dalla montagna di tutto. Ma [&hellip;]<\/p>\n","protected":false},"author":4,"featured_media":109154,"comment_status":"open","ping_status":"open","sticky":false,"template":"","format":"standard","meta":{"ub_ctt_via":"","_mi_skip_tracking":false},"categories":[13,14],"tags":[1227,4960,1621],"featured_image_src":"https:\/\/www.messinaoggi.it\/website\/wp-content\/uploads\/2022\/05\/incendio-stromboli-751esstlx5ns8rlpnz1r752haqphqvodxex5accur0m.jpg","author_info":{"display_name":"redme","author_link":"https:\/\/www.messinaoggi.it\/website\/author\/redme\/"},"digistream_id":0,"digistream":false,"_links":{"self":[{"href":"https:\/\/www.messinaoggi.it\/website\/wp-json\/wp\/v2\/posts\/118610"}],"collection":[{"href":"https:\/\/www.messinaoggi.it\/website\/wp-json\/wp\/v2\/posts"}],"about":[{"href":"https:\/\/www.messinaoggi.it\/website\/wp-json\/wp\/v2\/types\/post"}],"author":[{"embeddable":true,"href":"https:\/\/www.messinaoggi.it\/website\/wp-json\/wp\/v2\/users\/4"}],"replies":[{"embeddable":true,"href":"https:\/\/www.messinaoggi.it\/website\/wp-json\/wp\/v2\/comments?post=118610"}],"version-history":[{"count":2,"href":"https:\/\/www.messinaoggi.it\/website\/wp-json\/wp\/v2\/posts\/118610\/revisions"}],"predecessor-version":[{"id":118667,"href":"https:\/\/www.messinaoggi.it\/website\/wp-json\/wp\/v2\/posts\/118610\/revisions\/118667"}],"wp:featuredmedia":[{"embeddable":true,"href":"https:\/\/www.messinaoggi.it\/website\/wp-json\/wp\/v2\/media\/109154"}],"wp:attachment":[{"href":"https:\/\/www.messinaoggi.it\/website\/wp-json\/wp\/v2\/media?parent=118610"}],"wp:term":[{"taxonomy":"category","embeddable":true,"href":"https:\/\/www.messinaoggi.it\/website\/wp-json\/wp\/v2\/categories?post=118610"},{"taxonomy":"post_tag","embeddable":true,"href":"https:\/\/www.messinaoggi.it\/website\/wp-json\/wp\/v2\/tags?post=118610"}],"curies":[{"name":"wp","href":"https:\/\/api.w.org\/{rel}","templated":true}]}}