{"id":118608,"date":"2022-08-22T10:07:57","date_gmt":"2022-08-22T08:07:57","guid":{"rendered":"https:\/\/www.messinaoggi.it\/website\/2022\/08\/22\/gravina-da-ripetere-linizio-anticipato-del-campionato\/"},"modified":"2022-08-22T11:07:23","modified_gmt":"2022-08-22T09:07:23","slug":"gravina-da-ripetere-linizio-anticipato-del-campionato","status":"publish","type":"post","link":"https:\/\/www.messinaoggi.it\/website\/2022\/08\/22\/gravina-da-ripetere-linizio-anticipato-del-campionato\/","title":{"rendered":"Gravina \u201cDa ripetere l\u2019inizio anticipato del campionato\u201d"},"content":{"rendered":"<div>ROMA (ITALPRESS) &#8211; &#8220;C&#8217;era un p\u00f2 di scetticismo alla vigilia di questo campionato, ma le preoccupazioni per temperatura, anticipi e preparazione sono state spazzate via per una certezza: il campionato \u00e8 partito con grandissimo seguito dei tifosi e nelle migliori condizioni possibili. Credo che questo sia da ripetere nella prossima stagione, ma questo dipende dalle proposte della Lega di Serie A. E&#8217; comunque da non dimenticare che alla fine ci sar\u00e0 Germania 2024&#8221;. Cos\u00ec ai microfoni di Radio Anch&#8217;io Sport, su Rai Radio 1, il presidente della Figc Gabriele Gravina, soddisfatto per la partenza della nuova stagione a Ferragosto. &#8220;Di nuovo stiamo riscoprendo la voglia di calcio &#8211; aggiunge il numero uno della Federcalcio &#8211; Tanta gente \u00e8 presente all&#8217;interno degli stadi, con entusiasmo e consapevolezza delle nostre societ\u00e0 di offrire un prodotto diverso. L&#8217;inizio evidenzia che tutto si sta delineando con la formazione di tre blocchi di classifica che sta generando grande interesse nei campionati di A e B. E anche la Serie C, quando inizier\u00e0, sar\u00e0 avvincente&#8221;. In vista dei Mondiali, prosegue Gravina, &#8220;la Nazionale ha un solo progetto, quello di rivedersi, e per questo ringrazio la Lega di A per avere messo a disposizione i calciatori per quei dieci giorni prima dell&#8217;inaugurazione del Mondiale. Mancini avr\u00e0 a disposizione la Nazionale e tanti giovani, con la possibilit\u00e0 di ritrovarsi. E in questo periodo sono previste due amichevoli&#8221;. Il programma \u00e8 ancora da definire: &#8220;Un&#8217;amichevole dovrebbe disputarsi a Tirana contro l&#8217;Albania, poi potrebbe esserci un mini-ritiro nei paesi dell&#8217;Arabia Saudita o il prosieguo della preparazione in Italia&#8221;. Per quanto concerne la Nations League, il massimo dirigente federale \u00e8 convinto che &#8220;bisogna dare stabilit\u00e0 al progetto, gli esperimenti sono stati fatti e il mister ha le idee chiare. Mancini riuscir\u00e0 a creare un giusto mix tra lo zoccolo duro, visto che alcuni giocatori esperti hanno lasciato, ed i giovani ben strutturati. Ancora una volta avremo una Nazionale che fara un bel gioco ottenendo risultati&#8221;. &#8220;E&#8217; auspicabile che il prossimo governo appogger\u00e0 la candidatura a Italia 2032 &#8211; termina Gravina in merito alle imminenti elezioni e alla candidatura dell&#8217;Italia ad ospitare gli Europei del 2032 &#8211; La candidatura dell&#8217;Italia era un impegno del governo Draghi e si ispirava a un senso di responsabilit\u00e0 per un progetto di rilancio e di ristrutturazione degli impianti. E questo credo non possa che far bene all&#8217;economia e al calcio del nostro paese&#8221;. <br \/>&#8211; foto LivePhotoSport &#8211; <br \/>(ITALPRESS).<\/div>\n<div id=\"div-gpt-ad-Messinaoggi.it-DSK-300x250-corpoart\" style=\"text-align:center;margin:0 auto;\"><\/div><\/p><div id=\"videoincontent\" style=\"clear:both\";><\/div>","protected":false},"excerpt":{"rendered":"<p>ROMA (ITALPRESS) &#8211; &#8220;C&#8217;era un p\u00f2 di scetticismo alla vigilia di questo campionato, ma le preoccupazioni per temperatura, anticipi e preparazione sono state spazzate via per una certezza: il campionato \u00e8 partito con grandissimo seguito dei tifosi e nelle migliori condizioni possibili. Credo che questo sia da ripetere nella prossima stagione, ma questo dipende dalle [&hellip;]<\/p>\n","protected":false},"author":18,"featured_media":118609,"comment_status":"closed","ping_status":"closed","sticky":false,"template":"","format":"standard","meta":{"ub_ctt_via":"","_mi_skip_tracking":false},"categories":[10,446,9],"tags":[783],"featured_image_src":"https:\/\/www.messinaoggi.it\/website\/wp-content\/uploads\/2022\/08\/20220822_0138.jpg","author_info":{"display_name":"Admin","author_link":"https:\/\/www.messinaoggi.it\/website\/author\/admin\/"},"digistream_id":0,"digistream":false,"_links":{"self":[{"href":"https:\/\/www.messinaoggi.it\/website\/wp-json\/wp\/v2\/posts\/118608"}],"collection":[{"href":"https:\/\/www.messinaoggi.it\/website\/wp-json\/wp\/v2\/posts"}],"about":[{"href":"https:\/\/www.messinaoggi.it\/website\/wp-json\/wp\/v2\/types\/post"}],"author":[{"embeddable":true,"href":"https:\/\/www.messinaoggi.it\/website\/wp-json\/wp\/v2\/users\/18"}],"replies":[{"embeddable":true,"href":"https:\/\/www.messinaoggi.it\/website\/wp-json\/wp\/v2\/comments?post=118608"}],"version-history":[{"count":1,"href":"https:\/\/www.messinaoggi.it\/website\/wp-json\/wp\/v2\/posts\/118608\/revisions"}],"predecessor-version":[{"id":118618,"href":"https:\/\/www.messinaoggi.it\/website\/wp-json\/wp\/v2\/posts\/118608\/revisions\/118618"}],"wp:featuredmedia":[{"embeddable":true,"href":"https:\/\/www.messinaoggi.it\/website\/wp-json\/wp\/v2\/media\/118609"}],"wp:attachment":[{"href":"https:\/\/www.messinaoggi.it\/website\/wp-json\/wp\/v2\/media?parent=118608"}],"wp:term":[{"taxonomy":"category","embeddable":true,"href":"https:\/\/www.messinaoggi.it\/website\/wp-json\/wp\/v2\/categories?post=118608"},{"taxonomy":"post_tag","embeddable":true,"href":"https:\/\/www.messinaoggi.it\/website\/wp-json\/wp\/v2\/tags?post=118608"}],"curies":[{"name":"wp","href":"https:\/\/api.w.org\/{rel}","templated":true}]}}