{"id":11843,"date":"2017-11-23T14:56:20","date_gmt":"2017-11-23T13:56:20","guid":{"rendered":"http:\/\/www.messinaoggi.it\/website\/?p=11843"},"modified":"2017-11-23T14:56:20","modified_gmt":"2017-11-23T13:56:20","slug":"peppe-buda-saluta-il-real-rometta-e-attende-nuove-offerte","status":"publish","type":"post","link":"https:\/\/www.messinaoggi.it\/website\/2017\/11\/23\/peppe-buda-saluta-il-real-rometta-e-attende-nuove-offerte\/","title":{"rendered":"Peppe Buda saluta il Real Rometta e attende nuove offerte"},"content":{"rendered":"<p style=\"text-align: justify\">\n<p style=\"text-align: justify\">E&#8217; durata meno di tre mesi l&#8217;avventura di <strong>Peppe Buda<\/strong> al Real Rometta. E&#8217; stato lo stesso attaccante classe &#8217;86 a comunicare la notizia parlando di &#8220;separazione consensuale&#8221;.<div id=\"div-gpt-ad-Messinaoggi.it-DSK-300x250-corpoart\" style=\"text-align:center;margin:0 auto;\"><\/div><\/p>\n<p style=\"text-align: justify\">&#8220;<em>Ognuno di noi non era contento<\/em> <em>dell&#8217;altro<\/em> &#8211; spiega il giocatore riferendosi alla ormai ex controparte -. <em>Il calcio \u00e8 questo e perci\u00f2 di comune accordo si \u00e8 deciso cos\u00ec. Finora non mi \u00e8 arrivata alcuna offerta, ma qualora arrivassero delle proposte le valuter\u00f2 con attenzione&#8221;<\/em><div id=\"videoincontent\" style=\"clear:both\";><\/div><\/p>\n<p style=\"text-align: justify\">Numeri un po&#8217; magri, quelli accumulati in questo primo scorcio di stagione 2017\/18 da Buda (appena una rete all&#8217;attivo), il quale li motiva principalmente con <em>&#8220;un infortunio alla spalla sub\u00ecto in Coppa Italia alla 3&#8242; uscita stagionale, che mi ha impedito di rendere al meglio. Da l\u00ec \u00e8 stato un susseguirsi di altri fastidi dovuti al correre male. Ecco perch\u00e9 ho segnato un solo gol ed \u00e8 stata &#8211; ammette l&#8217;interessato &#8211; la mia mezza annata pi\u00f9 scadente a livello realizzativo della mia carriera. Di recente avevo ripreso e stavo bene , offrendo infatti nelle ultime settimane delle ottime prestazioni<\/em>&#8220;.<\/p>\n<p style=\"text-align: justify\">Il buon Peppe non nasconde comunque i suoi propositi di riscossa: &#8220;<em>Sono sempre andato in doppia cifra ogni anno e in qualsiasi categoria, Eccellenza, Promozione o Prima Categoria che fosse. E non vorrei essere da meno anche in questa stagione, sebbene sia arrivato quasi a dicembre con un solo gol segnato. Anche due anni fa, al Pistunina, ero partito con soli 3 gol per poi totalizzarne alla fine 16 che portarono la squadra al 5\u00b0 posto. Un piazzamento che\u00a0serv\u00ec ad ottenere il primo storico ripescaggio nel campionato di Eccellenza&#8221;.<\/em><\/p>\n<p><strong>Nelle foto di Roberto Santoro l&#8217;attaccante Peppe Buda<\/strong><\/p>\n<p style=\"text-align: justify\">\n<p style=\"text-align: justify\">\n","protected":false},"excerpt":{"rendered":"<p>E&#8217; durata meno di tre mesi l&#8217;avventura di Peppe Buda al Real Rometta. E&#8217; stato lo stesso attaccante classe &#8217;86 a comunicare la notizia parlando di &#8220;separazione consensuale&#8221;. &#8220;Ognuno di noi non era contento dell&#8217;altro &#8211; spiega il giocatore riferendosi alla ormai ex controparte -. Il calcio \u00e8 questo e perci\u00f2 di comune accordo si [&hellip;]<\/p>\n","protected":false},"author":9,"featured_media":7414,"comment_status":"closed","ping_status":"open","sticky":false,"template":"","format":"standard","meta":{"ub_ctt_via":"","_mi_skip_tracking":false},"categories":[10,9],"tags":[],"featured_image_src":"https:\/\/www.messinaoggi.it\/website\/wp-content\/uploads\/2017\/09\/Buda_2-2.jpg","author_info":{"display_name":"Roberto Santoro","author_link":"https:\/\/www.messinaoggi.it\/website\/author\/r-santoro\/"},"digistream_id":0,"digistream":false,"_links":{"self":[{"href":"https:\/\/www.messinaoggi.it\/website\/wp-json\/wp\/v2\/posts\/11843"}],"collection":[{"href":"https:\/\/www.messinaoggi.it\/website\/wp-json\/wp\/v2\/posts"}],"about":[{"href":"https:\/\/www.messinaoggi.it\/website\/wp-json\/wp\/v2\/types\/post"}],"author":[{"embeddable":true,"href":"https:\/\/www.messinaoggi.it\/website\/wp-json\/wp\/v2\/users\/9"}],"replies":[{"embeddable":true,"href":"https:\/\/www.messinaoggi.it\/website\/wp-json\/wp\/v2\/comments?post=11843"}],"version-history":[{"count":0,"href":"https:\/\/www.messinaoggi.it\/website\/wp-json\/wp\/v2\/posts\/11843\/revisions"}],"wp:featuredmedia":[{"embeddable":true,"href":"https:\/\/www.messinaoggi.it\/website\/wp-json\/wp\/v2\/media\/7414"}],"wp:attachment":[{"href":"https:\/\/www.messinaoggi.it\/website\/wp-json\/wp\/v2\/media?parent=11843"}],"wp:term":[{"taxonomy":"category","embeddable":true,"href":"https:\/\/www.messinaoggi.it\/website\/wp-json\/wp\/v2\/categories?post=11843"},{"taxonomy":"post_tag","embeddable":true,"href":"https:\/\/www.messinaoggi.it\/website\/wp-json\/wp\/v2\/tags?post=11843"}],"curies":[{"name":"wp","href":"https:\/\/api.w.org\/{rel}","templated":true}]}}