{"id":118414,"date":"2022-08-19T14:17:52","date_gmt":"2022-08-19T12:17:52","guid":{"rendered":"https:\/\/www.messinaoggi.it\/website\/2022\/08\/19\/regionali-sicilia-schifani-no-agli-assessori-tuttologi\/"},"modified":"2022-08-19T14:17:52","modified_gmt":"2022-08-19T12:17:52","slug":"regionali-sicilia-schifani-no-agli-assessori-tuttologi","status":"publish","type":"post","link":"https:\/\/www.messinaoggi.it\/website\/2022\/08\/19\/regionali-sicilia-schifani-no-agli-assessori-tuttologi\/","title":{"rendered":"Regionali Sicilia, Schifani \u201cNo agli assessori tuttologi\u201d"},"content":{"rendered":"<div>\n<p>PALERMO (ITALPRESS) \u2013 Pari dignit\u00e0 a tutti gli alleati, una squadra di assessori senza \u201ctuttologi\u201d ma che punti sugli specialisti, un dialogo pi\u00f9 stretto con la burocrazia regionale per accelerare lo sviluppo dell\u2019Isola, sfruttando al meglio l\u2019opportunit\u00e0 del Pnrr. Renato Schifani in un\u2019intervista all\u2019Italpress delinea forma e contenuto della sua corsa per la presidenza della Regione Siciliana. A sostenere il senatore di Forza Italia \u00e8 il centrodestra, una coalizione per la quale Schifani non vede problemi di coesione.<br \/>\u201cGli alleati possono contare su di me perch\u00e8 la coalizione la sento come mio modo di stare in politica. Dar\u00f2 pari dignit\u00e0 a tutte le anime della coalizione\u201d, spiega.<br \/>\u201cNon vedo problemi, \u00e8 il nostro popolo che ci chiede unit\u00e0. La nostra \u00e8 un\u2019alleanza politica\u201d, prosegue Schifani, che al contrario definisce solo \u201celettorale\u201d l\u2019intesa tra Pd e M5S per le Regionali siciliane dopo la rottura avvenuta invece a livello nazionale con la caduta del Governo Draghi.<br \/>Definisce poi \u201cinutile\u201d il voto al Terzo Polo, che in Sicilia punta su Gaetano Armao, vicepresidente e assessore all\u2019Economia della giunta Musumeci. \u201cSu Armao preferisco tacere, francamente sono rimasto molto deluso per\u00f2 non voglio fare polemiche \u2013 spiega l\u2019ex presidente del Senato -. Per cinque anni \u00e8 stato con noi, non si \u00e8 mai misurato sul consenso, ha svolto un ruolo all\u2019interno del Governo Musumeci per cinque anni, con il sostegno del partito. Ha fatto le sue scelte\u201d.<br \/>Sulla legalit\u00e0 Schifani non vuole alimentare polemiche, anche alla luce di quanto avvenuto per le Comunali a Palermo: \u201cQualcuno ha cercato di avvelenare i pozzi con una campagna contro Lagalla, un galantuomo\u201d. \u201cI problemi miei non saranno legati agli attacchi degli avversari, ma mi batter\u00f2 sui problemi dei siciliani, la disoccupazione, le infrastrutture, le liste d\u2019attesa nella sanit\u00e0 \u2013 aggiunge -. Sulla legalit\u00e0 far\u00f2 di tutto perch\u00e8 la trasparenza la faccia da sovrana all\u2019interno della Pubblica Amministrazione. Quando eravamo al Governo con Berlusconi nel 2002 abbiamo stabilizzato il carcere duro per i mafiosi e nel 2008 quando ero presidente del Senato mi sono attivato perch\u00e8 si inasprissero in maniera forte le norme sui sequestri dei beni della criminalit\u00e0 organizzata. Nel contrasto alla mafia sarebbe un errore che centrodestra e centrosinistra si dividessero. L\u2019ho detto quando stavo all\u2019opposizione\u201d. E sempre in chiave legalit\u00e0, Schifani chieder\u00e0 al governo nazionale \u201cdi inasprire le pene contro i piromani\u201d.<br \/>Quanto alle priorit\u00e0 programmatiche, Schifani pensa \u201ca una rimodulazione di alcune delege assessoriali\u201d, accorpando per esempio \u201cambiente, rifiuti ed emergenza idrica\u201d. Tema importante per Schifani \u00e8 il dialogo con la burocrazia, in particolare con i dirigenti. \u201cDa avvocato amministrativista so bene quali possano essere i problemi e le preoccupazioni di un dirigente, ma conto sulla buona burocrazia che abbiamo in Sicilia. Se ci saranno delle mancanze sar\u00f2 inflessibile, ma mi auguro di no. Sono fiducioso che un rapporto sinergico aiuti la Sicilia, una terra che aspetta risposte. Risposte che chiederemo anche al Governo centrale\u201d.<br \/>La burocrazia \u00e8 centrale anche per l\u2019attuazione del Pnrr, che per Schifani \u201c\u00e8 un\u2019occasione senza precedenti, dobbiamo fare in modo che le risorse che arriveranno siano finalizzate a obiettivi chiari, strategici, e non si disperdano in mille rigagnoli del clientelismo e del campanilismo, avremmo perso una scommessa che non possiamo perdere\u201d. Inoltre la situazione logistica e infrastrutturale \u201cva migliorata e per questo lavoreremo perch\u00e8 il governo nazionale possa stanziare dei fondi gi\u00e0 appostati in una legge che viene finanziata ogni due anni per intervenire su questo tema\u201d.<br \/>Sulla sua eventuale squadra di governo \u201cnessun nome per il momento, stiamo lavorando per spiegare ai siciliani cosa intendiamo fare\u201d. \u201cIo far\u00f2 di tutto per invitare gli alleati a indicarmi per le deleghe assessoriali persone competenti per materia \u2013 aggiunge -. Non esiste l\u2019assessore tuttologo, almeno con l\u2019eventuale governo Schifani non ci sar\u00e0 l\u2019assessore tuttologo, che magari ha svolto un ruolo nella vita e poi si occupa di tutt\u2019altro in giunta\u201d. <div id=\"div-gpt-ad-Messinaoggi.it-DSK-300x250-corpoart\" style=\"text-align:center;margin:0 auto;\"><\/div><\/p>\n<p>\u2013 foto Italpress \u2013<div id=\"videoincontent\" style=\"clear:both\";><\/div><\/p>\n<p>(ITALPRESS).<\/p>\n<\/div>\n","protected":false},"excerpt":{"rendered":"<p>PALERMO (ITALPRESS) \u2013 Pari dignit\u00e0 a tutti gli alleati, una squadra di assessori senza \u201ctuttologi\u201d ma che punti sugli specialisti, un dialogo pi\u00f9 stretto con la burocrazia regionale per accelerare lo sviluppo dell\u2019Isola, sfruttando al meglio l\u2019opportunit\u00e0 del Pnrr. Renato Schifani in un\u2019intervista all\u2019Italpress delinea forma e contenuto della sua corsa per la presidenza della [&hellip;]<\/p>\n","protected":false},"author":18,"featured_media":118415,"comment_status":"closed","ping_status":"closed","sticky":false,"template":"","format":"standard","meta":{"ub_ctt_via":"","_mi_skip_tracking":false},"categories":[2449],"tags":[783],"featured_image_src":"https:\/\/www.messinaoggi.it\/website\/wp-content\/uploads\/2022\/08\/20220819_0588.jpg","author_info":{"display_name":"Admin","author_link":"https:\/\/www.messinaoggi.it\/website\/author\/admin\/"},"digistream_id":0,"digistream":false,"_links":{"self":[{"href":"https:\/\/www.messinaoggi.it\/website\/wp-json\/wp\/v2\/posts\/118414"}],"collection":[{"href":"https:\/\/www.messinaoggi.it\/website\/wp-json\/wp\/v2\/posts"}],"about":[{"href":"https:\/\/www.messinaoggi.it\/website\/wp-json\/wp\/v2\/types\/post"}],"author":[{"embeddable":true,"href":"https:\/\/www.messinaoggi.it\/website\/wp-json\/wp\/v2\/users\/18"}],"replies":[{"embeddable":true,"href":"https:\/\/www.messinaoggi.it\/website\/wp-json\/wp\/v2\/comments?post=118414"}],"version-history":[{"count":0,"href":"https:\/\/www.messinaoggi.it\/website\/wp-json\/wp\/v2\/posts\/118414\/revisions"}],"wp:featuredmedia":[{"embeddable":true,"href":"https:\/\/www.messinaoggi.it\/website\/wp-json\/wp\/v2\/media\/118415"}],"wp:attachment":[{"href":"https:\/\/www.messinaoggi.it\/website\/wp-json\/wp\/v2\/media?parent=118414"}],"wp:term":[{"taxonomy":"category","embeddable":true,"href":"https:\/\/www.messinaoggi.it\/website\/wp-json\/wp\/v2\/categories?post=118414"},{"taxonomy":"post_tag","embeddable":true,"href":"https:\/\/www.messinaoggi.it\/website\/wp-json\/wp\/v2\/tags?post=118414"}],"curies":[{"name":"wp","href":"https:\/\/api.w.org\/{rel}","templated":true}]}}