{"id":118387,"date":"2022-08-19T14:11:40","date_gmt":"2022-08-19T12:11:40","guid":{"rendered":"http:\/\/www.messinaoggi.it\/website\/?p=118387"},"modified":"2022-08-19T15:20:46","modified_gmt":"2022-08-19T13:20:46","slug":"messina-adesso-amichevoli-poi-partenze-ed-eventuali-nuovi-arrivi","status":"publish","type":"post","link":"https:\/\/www.messinaoggi.it\/website\/2022\/08\/19\/messina-adesso-amichevoli-poi-partenze-ed-eventuali-nuovi-arrivi\/","title":{"rendered":"MESSINA: Adesso amichevoli, poi partenze ed eventuali nuovi arrivi"},"content":{"rendered":"\n<p>Continua il cammino verso il secondo consecutivo campionato di Serie C del Messina che, oggi, vedr\u00e0 i giallorossi impegnati in una amichevole con la Nuova Igea Virtus di Barcellona, squadra del Campionato d&#8217;Eccellenza, mentre domani sar\u00e0 il Citt\u00e0 di Sant&#8217;Agata, compagine del Campionato di Serie D a far visita alla Cittadella Universitaria alla squadra di mister Auteri. Le gare si disputeranno a porte chiuse, quindi, non sar\u00e0 possibile assistere ai due incontri per disposizioni comunicate dalla societ\u00e0 del presidente Sciotto.<div id=\"div-gpt-ad-Messinaoggi.it-DSK-300x250-corpoart\" style=\"text-align:center;margin:0 auto;\"><\/div><\/p>\n\n\n\n<p>Intanto, l&#8217;Acr Messina ha ufficializzato il tesseramento del portiere, classe 2000, <strong>Riccardo Daga<\/strong>, svincolato dalla Viterbese con cui ha collezionato <strong>34 <\/strong>presenze nel campionato 2020\/2021 ed in prestito al Monterosi da febbraio 2022 dove ha raccolto solo una presenza.<div id=\"videoincontent\" style=\"clear:both\";><\/div><\/p>\n\n\n\n<p>Con l&#8217;arrivo di Daga, al momento, sono 15 gli Under sui 27  calciatori in rosa a disposizione del tecnico. Premesso che dovrebbero andar via rispettivamente:  i portieri Antonio Fusco e Vincenzo Quartarone, il difensore Maks Celic, l&#8217;esterno Tiago Goncalves ed il centrocampista Lorenzo Simonetti. Alcuni di questi per propria scelta altri perch\u00e8 non rientrano nei favori del tecnico o della societ\u00e0. In caso di loro esclusione il gruppo si ridurrebbe a 10 over e 12 Under.<\/p>\n\n\n\n<p><strong>Le societ\u00e0, indipendentemente dal numero dei calciatori rispettivamente tesserati, nelle gare ufficiali di Campionato possono utilizzare la \u201clista calciatori temporanei\u201d (per brevit\u00e0, infra: \u201cLista\u201d), il cui modello \u00e8 allegato al presente Comunicato, nel quale potranno essere inseriti sino ad un massimo complessivo di n. 8 calciatori il cui tesseramento sia a titolo di cessione o trasferimento temporaneo da societ\u00e0 di Serie A e B o da Federazione estera.<\/strong><\/p>\n\n\n\n<p><strong> Lista Calciatori professionisti<\/strong><\/p>\n\n\n\n<p>1bis.1 Le societ\u00e0, indipendentemente dal numero dei calciatori rispettivamente tesserati, nelle gare ufficiali di Campionato dovranno utilizzare quelli presenti nella \u201clista calciatori professionisti\u201d,  nella quale potranno essere inseriti sino ad un massimo complessivo di n. <strong>24 calciatori<\/strong> il cui status sia quello di <strong>calciatore professionista<\/strong> ex art. 28 NOIF.<\/p>\n\n\n\n<p>1bis.2 Le societ\u00e0 potranno indicare <strong>un solo calciatore professionista (cd \u201cgiovane professionista\u201d) nato successivamente al 1\u00b0 gennaio 2003<\/strong>, da poter utilizzare nelle gare ufficiali di Campionato, senza che lo stesso venga inserito tra i 24 calciatori di cui al punto 1bis.1.<\/p>\n\n\n\n<p>1bis.3 Qualora, nel corso della <strong>stagione sportiva 2022\/2023<\/strong>, una societ\u00e0 sottoscriva \u201cprimi contratti di calciatori professionisti\u201d (ex art. 33 NOIF) con propri tesserati gi\u00e0 giovani di serie, questi ultimi potranno essere utilizzati nelle gare ufficiali di Campionato, senza che vengano inseriti tra i 24 calciatori di cui al punto 1bis.1.<\/p>\n\n\n\n<p>1bis.4 Le societ\u00e0 che, alla data di pubblicazione del presente comunicato, abbiano gi\u00e0 depositato contratti con calciatori professionisti, per la stagione 2022\/2023, in numero superiore al limite previsto al punto 1bis.1, potranno, in deroga ed esclusivamente per tale stagione, inserire nella lista calciatori professionisti tutti i calciatori di cui ai predetti contratti gi\u00e0 depositati. Resta inteso che, nell\u2019ipotesi di inserimento in tale lista di nuovi calciatori professionisti con contratto depositato in data successiva alla pubblicazione del presente comunicato, la societ\u00e0 non potr\u00e0 usufruire della deroga e trover\u00e0 applicazione la limitazione numerica di cui al punto 1bis.1.<\/p>\n\n\n\n<p>1bis.5 La presentazione di lista calciatori professionisti non conforme alle disposizioni di cui al presente paragrafo 1bis verr\u00e0, a tutti gli effetti, considerata come \u201cmancato deposito\u201d e dar\u00e0 luogo all\u2019irrogazione delle sanzioni previste al successivo art. 2.<\/p>\n\n\n\n<p>Ma, lasciando da parte le sanzioni, in pratica le rose saranno in massima parte composte da 24+1, cio\u00e8 il <strong>calciatore professionista (cd \u201cgiovane professionista\u201d) nato successivamente al 1\u00b0 gennaio 2003<\/strong>.<\/p>\n\n\n\n<p>Dunque, nel Messina, considerate le probabili partenze potrebbero trovare spazio altri 3 giocatori.<\/p>\n\n\n\n<p>Intanto, l&#8217;organico \u00e8 cos\u00ec composto:<\/p>\n\n\n\n<p><strong>Portieri<\/strong> \u2013  Michal LEWANDOWSKI, Riccardo DAGA <strong>(2000<\/strong>) Vincenzo QUARTARONE (<strong>2003<\/strong>). Antonio FUSCO <strong>(2000)<\/strong><br><strong>Difensori<\/strong> \u2013 Antony ANGILERI (<strong>2001<\/strong>), Gabriele BERTO (<strong>2003<\/strong>), Maks Juraj CELIC, Nicol\u00f2 FAZZI, Giuseppe FIL\u00cc (<strong>2002<\/strong>), Andrea NICOSIA (<strong>2004<\/strong>), Daniele TRASCIANI (<strong>2000<\/strong>).<br><strong>Centrocampisti<\/strong> \u2013 Giuseppe D\u2019AMORE (<strong>2004<\/strong>), Marco FIORANI (<strong>2002<\/strong>), Lamine FOFANA, Tiago GON\u00c7ALVES (<strong>2000)<\/strong>, Amara KONATE, Roberto MARINO, Mattia MATESE (<strong>2001<\/strong>), Lorenzo SIMONETTI, Leandro VERSIENTI <br><strong>Attaccanti<\/strong> \u2013 Ibourahima BALDE, Lorenzo CATANIA, Davis CURIALE, Paolo GRILLO, Paolo NAPOLETANO (<strong>2002<\/strong>), Alessio PIAZZA (<strong>2002<\/strong>), Diego ZUPPEL (<strong>2002<\/strong>)<\/p>\n","protected":false},"excerpt":{"rendered":"<p>Continua il cammino verso il secondo consecutivo campionato di Serie C del Messina che, oggi, vedr\u00e0 i giallorossi impegnati in una amichevole con la Nuova Igea Virtus di Barcellona, squadra del Campionato d&#8217;Eccellenza, mentre domani sar\u00e0 il Citt\u00e0 di Sant&#8217;Agata, compagine del Campionato di Serie D a far visita alla Cittadella Universitaria alla squadra di [&hellip;]<\/p>\n","protected":false},"author":2,"featured_media":118412,"comment_status":"open","ping_status":"open","sticky":false,"template":"","format":"standard","meta":{"ub_ctt_via":"","_mi_skip_tracking":false},"categories":[10,9],"tags":[4953,4136,4955,4954,4956],"featured_image_src":"https:\/\/www.messinaoggi.it\/website\/wp-content\/uploads\/2022\/08\/Allenamento-Auteri.jpg","author_info":{"display_name":"Redazione","author_link":"https:\/\/www.messinaoggi.it\/website\/author\/redazione\/"},"digistream_id":0,"digistream":false,"_links":{"self":[{"href":"https:\/\/www.messinaoggi.it\/website\/wp-json\/wp\/v2\/posts\/118387"}],"collection":[{"href":"https:\/\/www.messinaoggi.it\/website\/wp-json\/wp\/v2\/posts"}],"about":[{"href":"https:\/\/www.messinaoggi.it\/website\/wp-json\/wp\/v2\/types\/post"}],"author":[{"embeddable":true,"href":"https:\/\/www.messinaoggi.it\/website\/wp-json\/wp\/v2\/users\/2"}],"replies":[{"embeddable":true,"href":"https:\/\/www.messinaoggi.it\/website\/wp-json\/wp\/v2\/comments?post=118387"}],"version-history":[{"count":2,"href":"https:\/\/www.messinaoggi.it\/website\/wp-json\/wp\/v2\/posts\/118387\/revisions"}],"predecessor-version":[{"id":118422,"href":"https:\/\/www.messinaoggi.it\/website\/wp-json\/wp\/v2\/posts\/118387\/revisions\/118422"}],"wp:featuredmedia":[{"embeddable":true,"href":"https:\/\/www.messinaoggi.it\/website\/wp-json\/wp\/v2\/media\/118412"}],"wp:attachment":[{"href":"https:\/\/www.messinaoggi.it\/website\/wp-json\/wp\/v2\/media?parent=118387"}],"wp:term":[{"taxonomy":"category","embeddable":true,"href":"https:\/\/www.messinaoggi.it\/website\/wp-json\/wp\/v2\/categories?post=118387"},{"taxonomy":"post_tag","embeddable":true,"href":"https:\/\/www.messinaoggi.it\/website\/wp-json\/wp\/v2\/tags?post=118387"}],"curies":[{"name":"wp","href":"https:\/\/api.w.org\/{rel}","templated":true}]}}