{"id":118383,"date":"2022-08-19T11:35:22","date_gmt":"2022-08-19T09:35:22","guid":{"rendered":"http:\/\/www.messinaoggi.it\/website\/?p=118383"},"modified":"2022-08-19T11:35:22","modified_gmt":"2022-08-19T09:35:22","slug":"migranti-tenta-di-rientrare-in-italia-arrestato","status":"publish","type":"post","link":"https:\/\/www.messinaoggi.it\/website\/2022\/08\/19\/migranti-tenta-di-rientrare-in-italia-arrestato\/","title":{"rendered":"Migranti tenta di rientrare in Italia: arrestato"},"content":{"rendered":"\n<p>Era gi\u00e0 stato allontanato dall&#8217;Italia con un respingimento, ma ha provato a tornare in Italia via mare, a bordo di un&#8217;imbarcazione carica di migranti. Un giovane egiziano di 19 anni \u00e8 stato arrestato dal personale della squadra Mobile di\u00a0<strong>MESSINA<\/strong>\u00a0e del Gico della Guardia di Finanza. Il ragazzo nell\u2019ottobre del 2021 era stato respinto alla frontiera con un provvedimento del Questore di Siracusa e imbarcato su un volo charter diretto in Egitto. Aveva ricevuto il divieto di reingresso sul territorio nazionale per un periodo di anni tre. Il ragazzo, per\u00f2, il 16 agosto \u00e8 stato soccorso insieme ad altri 254 migranti su un&#8217;imbarcazione nel Mediterraneo centrale e portato a\u00a0<strong>MESSINA<\/strong>. \u00c9 stato arrestato e adesso la misura dovr\u00e0 essere convalidata dall&#8217;autorit\u00e0 giudiziaria.<div id=\"div-gpt-ad-Messinaoggi.it-DSK-300x250-corpoart\" style=\"text-align:center;margin:0 auto;\"><\/div><\/p>\n<div id=\"videoincontent\" style=\"clear:both\";><\/div>","protected":false},"excerpt":{"rendered":"<p>Era gi\u00e0 stato allontanato dall&#8217;Italia con un respingimento, ma ha provato a tornare in Italia via mare, a bordo di un&#8217;imbarcazione carica di migranti. Un giovane egiziano di 19 anni \u00e8 stato arrestato dal personale della squadra Mobile di\u00a0MESSINA\u00a0e del Gico della Guardia di Finanza. Il ragazzo nell\u2019ottobre del 2021 era stato respinto alla frontiera [&hellip;]<\/p>\n","protected":false},"author":2,"featured_media":76156,"comment_status":"open","ping_status":"open","sticky":false,"template":"","format":"standard","meta":{"ub_ctt_via":"","_mi_skip_tracking":false},"categories":[6],"tags":[1517,766,4952,33],"featured_image_src":"https:\/\/www.messinaoggi.it\/website\/wp-content\/uploads\/2021\/08\/sbarco-migranti.jpg","author_info":{"display_name":"Redazione","author_link":"https:\/\/www.messinaoggi.it\/website\/author\/redazione\/"},"digistream_id":0,"digistream":false,"_links":{"self":[{"href":"https:\/\/www.messinaoggi.it\/website\/wp-json\/wp\/v2\/posts\/118383"}],"collection":[{"href":"https:\/\/www.messinaoggi.it\/website\/wp-json\/wp\/v2\/posts"}],"about":[{"href":"https:\/\/www.messinaoggi.it\/website\/wp-json\/wp\/v2\/types\/post"}],"author":[{"embeddable":true,"href":"https:\/\/www.messinaoggi.it\/website\/wp-json\/wp\/v2\/users\/2"}],"replies":[{"embeddable":true,"href":"https:\/\/www.messinaoggi.it\/website\/wp-json\/wp\/v2\/comments?post=118383"}],"version-history":[{"count":1,"href":"https:\/\/www.messinaoggi.it\/website\/wp-json\/wp\/v2\/posts\/118383\/revisions"}],"predecessor-version":[{"id":118385,"href":"https:\/\/www.messinaoggi.it\/website\/wp-json\/wp\/v2\/posts\/118383\/revisions\/118385"}],"wp:featuredmedia":[{"embeddable":true,"href":"https:\/\/www.messinaoggi.it\/website\/wp-json\/wp\/v2\/media\/76156"}],"wp:attachment":[{"href":"https:\/\/www.messinaoggi.it\/website\/wp-json\/wp\/v2\/media?parent=118383"}],"wp:term":[{"taxonomy":"category","embeddable":true,"href":"https:\/\/www.messinaoggi.it\/website\/wp-json\/wp\/v2\/categories?post=118383"},{"taxonomy":"post_tag","embeddable":true,"href":"https:\/\/www.messinaoggi.it\/website\/wp-json\/wp\/v2\/tags?post=118383"}],"curies":[{"name":"wp","href":"https:\/\/api.w.org\/{rel}","templated":true}]}}