{"id":118377,"date":"2022-08-19T10:09:36","date_gmt":"2022-08-19T08:09:36","guid":{"rendered":"http:\/\/www.messinaoggi.it\/website\/?p=118377"},"modified":"2022-08-19T10:09:37","modified_gmt":"2022-08-19T08:09:37","slug":"inclusione-giovani-prorogate-al-22-agosto-le-domande-per-partecipare-a-estate-addosso-2022","status":"publish","type":"post","link":"https:\/\/www.messinaoggi.it\/website\/2022\/08\/19\/inclusione-giovani-prorogate-al-22-agosto-le-domande-per-partecipare-a-estate-addosso-2022\/","title":{"rendered":"Inclusione giovani, prorogate al 22 agosto le domande per partecipare a &#8220;Estate Addosso 2022&#8221;"},"content":{"rendered":"\n<p>\u00c8 stato prorogato alle ore 13 di luned\u00ec 22 agosto il termine entro il quale i giovani interessati possono presentare istanza attraverso la registrazione al link\u00a0<a rel=\"noreferrer noopener\" href=\"https:\/\/lestateaddosso.comune.messina.it\/\" target=\"_blank\">lestateaddosso.comune.messina.it<\/a>\u00a0per partecipare a\u00a0<a rel=\"noreferrer noopener\" class=\"\" href=\"https:\/\/comune.messina.it\/informazioni\/avviso-pubblico-progetto-sperimentale-estate-addosso-2022\/\" target=\"_blank\">&#8220;Estate Addosso 2022&#8221;<\/a>, il progetto sperimentale promosso dall\u2019Amministrazione comunale attraverso l\u2019Azienda Speciale Messina Social City, che prevede la selezione di beneficiari di borse di inclusione sociale tra i giovani della comunit\u00e0 cittadina, che rientrano nella fascia di et\u00e0 compresa tra i 16 ed i 25 anni.<div id=\"div-gpt-ad-Messinaoggi.it-DSK-300x250-corpoart\" style=\"text-align:center;margin:0 auto;\"><\/div><\/p>\n\n\n\n<p>L\u2019Avviso \u00e8 in pubblicazione dallo scorso gioved\u00ec 11 agosto sul sito istituzionale del Comune e all\u2019indirizzo<a rel=\"noreferrer noopener\" href=\"http:\/\/www.messinasocialcity.it\/\" target=\"_blank\">\u00a0www.messinasocialcity.it\u00a0<\/a>. Prorogato inoltre il termine di scadenza per la presentazione della manifestazione di interesse dei soggetti ospitanti alle ore 13 di venerd\u00ec 2 settembre. <div id=\"videoincontent\" style=\"clear:both\";><\/div><\/p>\n\n\n\n<p>Rimangono invariate le modalit\u00e0 di registrazione alla piattaforma, il cui accesso pu\u00f2 avvenire esclusivamente tramite SPID. I partecipanti selezionati, fino ad esaurimento delle risorse assegnate, devono essere in possesso dei seguenti <strong>requisiti<\/strong>: et\u00e0 compresa tra i 16 e i 25 anni; residenza nel Comune di Messina; e disoccupati o inoccupati da almeno un anno al momento della presentazione della domanda. <\/p>\n\n\n\n<p>I beneficiari saranno impiegati per un periodo determinato di 2 mesi, anche non continuativi, per 25 ore settimanali, distribuite su 5 (cinque) giorni settimanali, compresi domenica e festivi, nelle seguenti aree di attivit\u00e0: Manutenzione del verde; Trasporto di persone con veicolo leggero; Informazione, promozione ambientale e del territorio; Gestione dell\u2019immagine, promozione e servizi turistici e del tempo libero; Servizi di portineria, custodia e vigilanza; Animazione sociale, socio-culturale e ricreativa; Assistenza alle strutture educative; Collaborazione ai servizi di cucina, sala e bar; Attivit\u00e0 amministrativa, compresa segreteria e archivio; Attivit\u00e0 inserimento dati e transizione digitale; Tutela ambientale e del verde, pulizia della spiaggia, altri servizi relativi al territorio e all\u2019ambiente; Servizi di distribuzione commerciale; Settore benessere; e Filiera agroalimentare. <\/p>\n\n\n\n<p>Per ulteriori informazioni \u00e8 possibile contattare il numero telefonico 090-9488007 dal luned\u00ec al venerd\u00ec, dalle 9 alle 13 e dalle 14.30 alle 17.30, o scrivere all\u2019indirizzo e-mail\u00a0<a href=\"''})\">lestateaddosso@messinasocialcity.it.<\/a><\/p>\n","protected":false},"excerpt":{"rendered":"<p>\u00c8 stato prorogato alle ore 13 di luned\u00ec 22 agosto il termine entro il quale i giovani interessati possono presentare istanza attraverso la registrazione al link\u00a0lestateaddosso.comune.messina.it\u00a0per partecipare a\u00a0&#8220;Estate Addosso 2022&#8221;, il progetto sperimentale promosso dall\u2019Amministrazione comunale attraverso l\u2019Azienda Speciale Messina Social City, che prevede la selezione di beneficiari di borse di inclusione sociale tra i [&hellip;]<\/p>\n","protected":false},"author":8,"featured_media":49176,"comment_status":"open","ping_status":"open","sticky":false,"template":"","format":"standard","meta":{"ub_ctt_via":"","_mi_skip_tracking":false},"categories":[5],"tags":[1185],"featured_image_src":"https:\/\/www.messinaoggi.it\/website\/wp-content\/uploads\/2020\/11\/palazo-zanca.jpg","author_info":{"display_name":"red..me","author_link":"https:\/\/www.messinaoggi.it\/website\/author\/redstage\/"},"digistream_id":0,"digistream":false,"_links":{"self":[{"href":"https:\/\/www.messinaoggi.it\/website\/wp-json\/wp\/v2\/posts\/118377"}],"collection":[{"href":"https:\/\/www.messinaoggi.it\/website\/wp-json\/wp\/v2\/posts"}],"about":[{"href":"https:\/\/www.messinaoggi.it\/website\/wp-json\/wp\/v2\/types\/post"}],"author":[{"embeddable":true,"href":"https:\/\/www.messinaoggi.it\/website\/wp-json\/wp\/v2\/users\/8"}],"replies":[{"embeddable":true,"href":"https:\/\/www.messinaoggi.it\/website\/wp-json\/wp\/v2\/comments?post=118377"}],"version-history":[{"count":1,"href":"https:\/\/www.messinaoggi.it\/website\/wp-json\/wp\/v2\/posts\/118377\/revisions"}],"predecessor-version":[{"id":118382,"href":"https:\/\/www.messinaoggi.it\/website\/wp-json\/wp\/v2\/posts\/118377\/revisions\/118382"}],"wp:featuredmedia":[{"embeddable":true,"href":"https:\/\/www.messinaoggi.it\/website\/wp-json\/wp\/v2\/media\/49176"}],"wp:attachment":[{"href":"https:\/\/www.messinaoggi.it\/website\/wp-json\/wp\/v2\/media?parent=118377"}],"wp:term":[{"taxonomy":"category","embeddable":true,"href":"https:\/\/www.messinaoggi.it\/website\/wp-json\/wp\/v2\/categories?post=118377"},{"taxonomy":"post_tag","embeddable":true,"href":"https:\/\/www.messinaoggi.it\/website\/wp-json\/wp\/v2\/tags?post=118377"}],"curies":[{"name":"wp","href":"https:\/\/api.w.org\/{rel}","templated":true}]}}