{"id":118291,"date":"2022-08-18T14:47:51","date_gmt":"2022-08-18T12:47:51","guid":{"rendered":"https:\/\/www.messinaoggi.it\/website\/2022\/08\/18\/covid-in-sicilia-in-calo-i-contagi-e-le-nuove-ospedalizzazioni\/"},"modified":"2022-08-18T14:47:51","modified_gmt":"2022-08-18T12:47:51","slug":"covid-in-sicilia-in-calo-i-contagi-e-le-nuove-ospedalizzazioni","status":"publish","type":"post","link":"https:\/\/www.messinaoggi.it\/website\/2022\/08\/18\/covid-in-sicilia-in-calo-i-contagi-e-le-nuove-ospedalizzazioni\/","title":{"rendered":"Covid, in Sicilia in calo i contagi e le nuove ospedalizzazioni"},"content":{"rendered":"<div>\n<p>PALERMO (ITALPRESS) \u2013 Nella settimana dall\u20198 al 14 agosto si registra un decremento delle nuove infezioni, con un\u2019incidenza di nuovi positivi pari a 14809 (-27%), ed un valore cumulativo di 308\/100.000 abitanti. Il tasso di nuovi casi pi\u00f9 elevato rispetto alla media regionale si \u00e8 registrato nelle province di Messina (437\/100.000 abitanti), Trapani (358\/100.000) e Agrigento (336\/100.000). E\u2019 quanto emerge dal bollettino settimanale Dasoe inviato dalla Regione Siciliana in merito all\u2019epidemia Covid sul territorio regionale.<br \/>Le fasce d\u2019et\u00e0 maggiormente a rischio risultano quelle tra i 70 ed i 79 anni (403\/100.000 abitanti), tra i 60 e i 69 anni (401\/100.000) e tra gli 80 e gli 89 anni (357\/100.000). Anche le nuove ospedalizzazioni sono in lieve diminuzione e pi\u00f9 di met\u00e0 dei pazienti in ospedale nella settimana di riferimento risultano non vaccinati.<br \/>Per quanto riguarda la campagna vaccinale i dati fanno riferimento alla settimana dal 10 al 16 agosto. Nella fascia d\u2019et\u00e0 5-11 anni i vaccinati con almeno una dose si attestano al 26,56% del target regionale. Hanno completato il ciclo primario di vaccinazione 70.424 bambini, pari al 22,85%.<br \/>Nel target over 12 anni, i vaccinati con almeno una dose si attestano al 90,70%, mentre l\u201989,38% ha completato il ciclo primario. Sono 1.058.583 i cittadini che, maturato il diritto di ricevere la terza dose, non l\u2019hanno ancora effettuata. Nello specifico, i vaccinati con dose aggiuntiva\/booster sono 2.758.653 pari al 72,27% degli aventi diritto.<br \/>Dall\u20191 marzo \u00e8 iniziata la somministrazione della quarta dose agli over 12 con marcata compromissione della risposta immunitaria e che hanno gi\u00e0 completato il ciclo vaccinale primario con tre dosi da almeno 120 giorni. Dal 13 luglio la quarta dose \u00e8 stata estesa a tutte le persone di et\u00e0 uguale o maggiore di 60 anni e alle persone ad elevata fragilit\u00e0 over 12 anni, purch\u00e8 sia trascorso un intervallo minimo di almeno 120 giorni dalla prima dose di richiamo o dall\u2019ultima infezione successiva al richiamo (data del test diagnostico positivo). Dal 1 marzo sono state effettuate complessivamente 95.682 somministrazioni di quarta dose di cui 45.156 a soggetti over 80.<br \/>(ITALPRESS).<div id=\"div-gpt-ad-Messinaoggi.it-DSK-300x250-corpoart\" style=\"text-align:center;margin:0 auto;\"><\/div><\/p>\n<\/div>\n<div id=\"videoincontent\" style=\"clear:both\";><\/div>","protected":false},"excerpt":{"rendered":"<p>PALERMO (ITALPRESS) \u2013 Nella settimana dall\u20198 al 14 agosto si registra un decremento delle nuove infezioni, con un\u2019incidenza di nuovi positivi pari a 14809 (-27%), ed un valore cumulativo di 308\/100.000 abitanti. Il tasso di nuovi casi pi\u00f9 elevato rispetto alla media regionale si \u00e8 registrato nelle province di Messina (437\/100.000 abitanti), Trapani (358\/100.000) e [&hellip;]<\/p>\n","protected":false},"author":18,"featured_media":118292,"comment_status":"closed","ping_status":"closed","sticky":false,"template":"","format":"standard","meta":{"ub_ctt_via":"","_mi_skip_tracking":false},"categories":[2449],"tags":[783],"featured_image_src":"https:\/\/www.messinaoggi.it\/website\/wp-content\/uploads\/2022\/08\/20220818_0764.jpg","author_info":{"display_name":"Admin","author_link":"https:\/\/www.messinaoggi.it\/website\/author\/admin\/"},"digistream_id":0,"digistream":false,"_links":{"self":[{"href":"https:\/\/www.messinaoggi.it\/website\/wp-json\/wp\/v2\/posts\/118291"}],"collection":[{"href":"https:\/\/www.messinaoggi.it\/website\/wp-json\/wp\/v2\/posts"}],"about":[{"href":"https:\/\/www.messinaoggi.it\/website\/wp-json\/wp\/v2\/types\/post"}],"author":[{"embeddable":true,"href":"https:\/\/www.messinaoggi.it\/website\/wp-json\/wp\/v2\/users\/18"}],"replies":[{"embeddable":true,"href":"https:\/\/www.messinaoggi.it\/website\/wp-json\/wp\/v2\/comments?post=118291"}],"version-history":[{"count":0,"href":"https:\/\/www.messinaoggi.it\/website\/wp-json\/wp\/v2\/posts\/118291\/revisions"}],"wp:featuredmedia":[{"embeddable":true,"href":"https:\/\/www.messinaoggi.it\/website\/wp-json\/wp\/v2\/media\/118292"}],"wp:attachment":[{"href":"https:\/\/www.messinaoggi.it\/website\/wp-json\/wp\/v2\/media?parent=118291"}],"wp:term":[{"taxonomy":"category","embeddable":true,"href":"https:\/\/www.messinaoggi.it\/website\/wp-json\/wp\/v2\/categories?post=118291"},{"taxonomy":"post_tag","embeddable":true,"href":"https:\/\/www.messinaoggi.it\/website\/wp-json\/wp\/v2\/tags?post=118291"}],"curies":[{"name":"wp","href":"https:\/\/api.w.org\/{rel}","templated":true}]}}