{"id":118212,"date":"2022-08-17T22:47:52","date_gmt":"2022-08-17T20:47:52","guid":{"rendered":"https:\/\/www.messinaoggi.it\/website\/2022\/08\/17\/vasto-incendio-a-pantelleria-in-fuga-vip-e-turisti\/"},"modified":"2022-08-17T22:47:52","modified_gmt":"2022-08-17T20:47:52","slug":"vasto-incendio-a-pantelleria-in-fuga-vip-e-turisti","status":"publish","type":"post","link":"https:\/\/www.messinaoggi.it\/website\/2022\/08\/17\/vasto-incendio-a-pantelleria-in-fuga-vip-e-turisti\/","title":{"rendered":"Vasto incendio a Pantelleria, in fuga vip e turisti"},"content":{"rendered":"<div>\n<p>Grosso incendio a Pantelleria, dove nel tardo pomeriggio un rogo \u00e8 stato innescato da sterpaglie e vegetazione che hanno preso fuoco e, a causa del vento caldo e delle alte temperature, si sta espandendo sempre di pi\u00f9 in una zona collinare appena alle spalle di Cala Cinque Denti. Le fiamme stanno avvolgendo ettari di macchia mediterranea e non sono distanti da alcune abitazioni. Essendo gi\u00e0 buio, non sar\u00e0 consentito ai Canadair di levarsi in volo fino all\u2019alba e le operazioni di spegnimento da terra dei vigili del fuoco, il cui primo obiettivo sar\u00e0 quello di circoscrivere le fiamme, sono ostacolate dalla morfologia del territorio. Da qualche settimana sull\u2019isola in dotazione anche i droni antincendio proprio in previsione di possibili roghi in un\u2019estate drammatica in Sicilia dal punto di vista degli incendi. Come riferito dai vigili del fuoco, la zona maggiormente interessata dall\u2019incendio \u00e8 quella della borgata Gadir, non lontana da diverse abitazioni di propriet\u00e0 dei vip, molte di queste evacuate a scopo precauzionale. Tra queste anche la tenuta di Giorgio Armani che, a quanto si apprende, si sarebbe allontanato con il suo yacht facendo rotta verso il porto.<br \/>\nIn attesa che i pompieri riescano a circoscrivere le fiamme, sono state evacuate anche diverse villette affittate dai turisti, costretti ad allontanarsi in cerca di una localit\u00e0 sicura. C\u2019\u00e8 per\u00f2 un secondo incendio scoppiato a Pantelleria, in contrada Kamma, che rende ancor pi\u00f9 complicate le operazioni di spegnimento e di messa in sicurezza dei residenti.<br \/><img loading=\"lazy\" class=\"alignnone size-medium wp-image-307286\" src=\"http:\/\/www.messinaoggi.it\/website\/wp-content\/uploads\/2022\/08\/pantelleria-300x187-1.jpg\" alt=\"\" width=\"300\" height=\"187\" srcset=\"http:\/\/www.messinaoggi.it\/website\/wp-content\/uploads\/2022\/08\/pantelleria-300x187-1.jpg 300w, https:\/\/www.italpress.com\/wp-content\/uploads\/2022\/08\/pantelleria-768x480.jpg 768w, https:\/\/www.italpress.com\/wp-content\/uploads\/2022\/08\/pantelleria-696x435.jpg 696w, https:\/\/www.italpress.com\/wp-content\/uploads\/2022\/08\/pantelleria-672x420.jpg 672w, https:\/\/www.italpress.com\/wp-content\/uploads\/2022\/08\/pantelleria.jpg 850w\" sizes=\"(max-width: 300px) 100vw, 300px\"><br \/>\n\u201cDopo un\u2019estate torrida e piena di incendi questa sera anche la mia amata Pantelleria brucia. Un incendio doloso qui dove nemmeno possono arrivare i canadair a causa del vento. Basta incendi dolosi, chi deturpa il nostro patrimonio deve pagarla carissima\u201d. Cos\u00ec, su Twitter, la giornalista Myrta Merlino, che si trova sull\u2019isola con il compagno Marco Tardelli, anche loro costretti ad allontanarsi dalla propria abitazione.<br \/>\n(ITALPRESS).<br \/>\n-foto Salvatore Gabriele-<div id=\"div-gpt-ad-Messinaoggi.it-DSK-300x250-corpoart\" style=\"text-align:center;margin:0 auto;\"><\/div><\/p>\n<\/div>\n<div id=\"videoincontent\" style=\"clear:both\";><\/div>","protected":false},"excerpt":{"rendered":"<p>Grosso incendio a Pantelleria, dove nel tardo pomeriggio un rogo \u00e8 stato innescato da sterpaglie e vegetazione che hanno preso fuoco e, a causa del vento caldo e delle alte temperature, si sta espandendo sempre di pi\u00f9 in una zona collinare appena alle spalle di Cala Cinque Denti. Le fiamme stanno avvolgendo ettari di macchia [&hellip;]<\/p>\n","protected":false},"author":18,"featured_media":118213,"comment_status":"closed","ping_status":"closed","sticky":false,"template":"","format":"standard","meta":{"ub_ctt_via":"","_mi_skip_tracking":false},"categories":[2449],"tags":[783],"featured_image_src":"https:\/\/www.messinaoggi.it\/website\/wp-content\/uploads\/2022\/08\/pantelleria1.jpg","author_info":{"display_name":"Admin","author_link":"https:\/\/www.messinaoggi.it\/website\/author\/admin\/"},"digistream_id":0,"digistream":false,"_links":{"self":[{"href":"https:\/\/www.messinaoggi.it\/website\/wp-json\/wp\/v2\/posts\/118212"}],"collection":[{"href":"https:\/\/www.messinaoggi.it\/website\/wp-json\/wp\/v2\/posts"}],"about":[{"href":"https:\/\/www.messinaoggi.it\/website\/wp-json\/wp\/v2\/types\/post"}],"author":[{"embeddable":true,"href":"https:\/\/www.messinaoggi.it\/website\/wp-json\/wp\/v2\/users\/18"}],"replies":[{"embeddable":true,"href":"https:\/\/www.messinaoggi.it\/website\/wp-json\/wp\/v2\/comments?post=118212"}],"version-history":[{"count":0,"href":"https:\/\/www.messinaoggi.it\/website\/wp-json\/wp\/v2\/posts\/118212\/revisions"}],"wp:featuredmedia":[{"embeddable":true,"href":"https:\/\/www.messinaoggi.it\/website\/wp-json\/wp\/v2\/media\/118213"}],"wp:attachment":[{"href":"https:\/\/www.messinaoggi.it\/website\/wp-json\/wp\/v2\/media?parent=118212"}],"wp:term":[{"taxonomy":"category","embeddable":true,"href":"https:\/\/www.messinaoggi.it\/website\/wp-json\/wp\/v2\/categories?post=118212"},{"taxonomy":"post_tag","embeddable":true,"href":"https:\/\/www.messinaoggi.it\/website\/wp-json\/wp\/v2\/tags?post=118212"}],"curies":[{"name":"wp","href":"https:\/\/api.w.org\/{rel}","templated":true}]}}