{"id":11821,"date":"2017-11-23T10:41:29","date_gmt":"2017-11-23T09:41:29","guid":{"rendered":"http:\/\/www.messinaoggi.it\/website\/?p=11821"},"modified":"2017-11-23T10:41:29","modified_gmt":"2017-11-23T09:41:29","slug":"fratelli-ditalia-in-piazza-contro-lo-ius-soli-elvira-amata-non-resteremo-a-guardare","status":"publish","type":"post","link":"https:\/\/www.messinaoggi.it\/website\/2017\/11\/23\/fratelli-ditalia-in-piazza-contro-lo-ius-soli-elvira-amata-non-resteremo-a-guardare\/","title":{"rendered":"Fratelli d&#039;Italia in piazza contro lo Ius Soli. Elvira Amata: &quot;Non resteremo a guardare&quot;"},"content":{"rendered":"<p>\u201cSar\u00e0 possibile aderire all\u2019iniziativa sottoscrivendo la petizione di Fratelli d\u2019Italia contro lo Ius Soli, una riforma del nostro sistema sociale che, riteniamo, dovrebbe essere vagliata prima dall\u2019elettorato e non semplicemente avanzata da un governo che, di fatto, non gode di largo consenso (lo dicono i dati elettorali e gli indici di gradimento e di fiducia raccolti in questi mesi), \u00e8 sostenuto da una maggioranza parlamentare eletta con una legge dichiarata incostituzionale e non ha mai interpellato gli italiani in merito ad una simile iniziativa\u201d, cos\u00ec la dirigente regionale di FdI, neo eletta all\u2019Ars, Elvira Amata.<br \/>\n\u201cSe la sinistra vuole modificare la norma relativa all\u2019acquisizione di cittadinanza (perch\u00e9 di questo si tratta) ci provi pure, per carit\u00e0! Ma \u00e8 bene che ci\u00f2 avvenga dopo aver inserito questo punto nel proprio programma elettorale e chiesto agli italiani di dar loro la fiducia per portarlo avanti.<br \/>\nIl tempo delle deleghe in bianco \u00e8 finito! E Fratelli d\u2019Italia non rester\u00e0 a guardare mentre si agisce senza tener conto della sacrosanta sovranit\u00e0 popolare\u201d.<div id=\"div-gpt-ad-Messinaoggi.it-DSK-300x250-corpoart\" style=\"text-align:center;margin:0 auto;\"><\/div><\/p>\n<div id=\"videoincontent\" style=\"clear:both\";><\/div>","protected":false},"excerpt":{"rendered":"<p>\u201cSar\u00e0 possibile aderire all\u2019iniziativa sottoscrivendo la petizione di Fratelli d\u2019Italia contro lo Ius Soli, una riforma del nostro sistema sociale che, riteniamo, dovrebbe essere vagliata prima dall\u2019elettorato e non semplicemente avanzata da un governo che, di fatto, non gode di largo consenso (lo dicono i dati elettorali e gli indici di gradimento e di fiducia [&hellip;]<\/p>\n","protected":false},"author":2,"featured_media":10427,"comment_status":"closed","ping_status":"open","sticky":false,"template":"","format":"standard","meta":{"ub_ctt_via":"","_mi_skip_tracking":false},"categories":[4],"tags":[],"featured_image_src":"https:\/\/www.messinaoggi.it\/website\/wp-content\/uploads\/2017\/10\/meloni-amataRRP_1880.jpg","author_info":{"display_name":"Redazione","author_link":"https:\/\/www.messinaoggi.it\/website\/author\/redazione\/"},"digistream_id":0,"digistream":false,"_links":{"self":[{"href":"https:\/\/www.messinaoggi.it\/website\/wp-json\/wp\/v2\/posts\/11821"}],"collection":[{"href":"https:\/\/www.messinaoggi.it\/website\/wp-json\/wp\/v2\/posts"}],"about":[{"href":"https:\/\/www.messinaoggi.it\/website\/wp-json\/wp\/v2\/types\/post"}],"author":[{"embeddable":true,"href":"https:\/\/www.messinaoggi.it\/website\/wp-json\/wp\/v2\/users\/2"}],"replies":[{"embeddable":true,"href":"https:\/\/www.messinaoggi.it\/website\/wp-json\/wp\/v2\/comments?post=11821"}],"version-history":[{"count":0,"href":"https:\/\/www.messinaoggi.it\/website\/wp-json\/wp\/v2\/posts\/11821\/revisions"}],"wp:featuredmedia":[{"embeddable":true,"href":"https:\/\/www.messinaoggi.it\/website\/wp-json\/wp\/v2\/media\/10427"}],"wp:attachment":[{"href":"https:\/\/www.messinaoggi.it\/website\/wp-json\/wp\/v2\/media?parent=11821"}],"wp:term":[{"taxonomy":"category","embeddable":true,"href":"https:\/\/www.messinaoggi.it\/website\/wp-json\/wp\/v2\/categories?post=11821"},{"taxonomy":"post_tag","embeddable":true,"href":"https:\/\/www.messinaoggi.it\/website\/wp-json\/wp\/v2\/tags?post=11821"}],"curies":[{"name":"wp","href":"https:\/\/api.w.org\/{rel}","templated":true}]}}