{"id":118174,"date":"2022-08-17T16:32:50","date_gmt":"2022-08-17T14:32:50","guid":{"rendered":"https:\/\/www.messinaoggi.it\/website\/2022\/08\/17\/miceli-pd-non-pensi-a-diatribe-interne-lavversario-e-la-destra\/"},"modified":"2022-08-17T16:32:50","modified_gmt":"2022-08-17T14:32:50","slug":"miceli-pd-non-pensi-a-diatribe-interne-lavversario-e-la-destra","status":"publish","type":"post","link":"https:\/\/www.messinaoggi.it\/website\/2022\/08\/17\/miceli-pd-non-pensi-a-diatribe-interne-lavversario-e-la-destra\/","title":{"rendered":"Miceli \u201cPd non pensi a diatribe interne, l\u2019avversario \u00e8 la destra\u201d"},"content":{"rendered":"<div>\n<p>PALERMO (ITALPRESS) \u2013 \u201cHo accettato la richiesta di candidatura alle elezioni politiche, e visto che in tanti mi chiedono di accettare anche quella per le Regionali in Sicilia, sto valutando. Dovunque c\u2019\u00e8 la possibilit\u00e0 di dare una mano al Partito Democratico, io ci sono\u201d. Lo ha detto all\u2019Italpress Carmelo Miceli, deputato nazionale del Pd e neo eletto consigliere comunale Dem a Palermo.<br \/>\u201cIo credo di essere una parte del Pd \u2013 ha aggiunto -, una comunit\u00e0 collettiva in cui alcune volte si riceve, altre volte si d\u00e0. Questo \u00e8 il momento in cui io devo dare\u201d. Sulle polemiche legate agli esclusi dalle liste siciliane del Pd Miceli ha commentato: \u201cComprendo la rabbia, il senso di sgomento di tanti compagni e di tanti amici. Bisogna mantenere la calma e la lucidit\u00e0 perch\u00e8 c\u2019\u00e8 in gioco il futuro di un Paese che rischia di essere consegnato nelle mani di Giorgia Meloni, cos\u00ec come la Sicilia rischia di essere consegnata a Renato Schifani. Sono prospettive raccapriccianti rispetto alle quali tutti abbiamo il dovere di non pensare agli Aventini o alle diatribe interne, ma concentrarci per provare a fermare una deriva\u201d.<br \/>\u201cPer questo invito tutti a ripensarci, a fare il massimo, a lottare per il Pd. Verr\u00e0 il tempo per le discussioni, per i dibattiti, verranno i congressi. E\u2019 l\u00ec che faremo i conti interni al Pd. Ma il Paese non inizia e finisce con il Pd\u2026\u201d.<br \/>E sul campo progressista per le Regionali in Sicilia ha concluso: \u201cCaterina Chinnici \u00e8 una proposta nuova per la Sicilia. Io credo che la coalizione dovrebbe concentrarsi di pi\u00f9 sulle necessit\u00e0 della nostra isola, pi\u00f9 che sugli equilibri interni. Non possiamo che ringraziarla ancora per la sua disponibilit\u00e0 e pensare che il 25 settembre ci troveremo a governare una Regione che \u00e8 stata devastata da anni di malgoverno. Spero e credo che le polemiche, per quanto possano fare eco, non debbano essere in alcun modo di ostacolo per il processo di cambiamento che \u00e8 assolutamente necessario\u201d.<div id=\"div-gpt-ad-Messinaoggi.it-DSK-300x250-corpoart\" style=\"text-align:center;margin:0 auto;\"><\/div><\/p>\n<p>\u2013 foto Agenziafotogramma.it \u2013<div id=\"videoincontent\" style=\"clear:both\";><\/div><\/p>\n<p>(ITALPRESS).<\/p>\n<\/div>\n","protected":false},"excerpt":{"rendered":"<p>PALERMO (ITALPRESS) \u2013 \u201cHo accettato la richiesta di candidatura alle elezioni politiche, e visto che in tanti mi chiedono di accettare anche quella per le Regionali in Sicilia, sto valutando. Dovunque c\u2019\u00e8 la possibilit\u00e0 di dare una mano al Partito Democratico, io ci sono\u201d. Lo ha detto all\u2019Italpress Carmelo Miceli, deputato nazionale del Pd e [&hellip;]<\/p>\n","protected":false},"author":18,"featured_media":118175,"comment_status":"closed","ping_status":"closed","sticky":false,"template":"","format":"standard","meta":{"ub_ctt_via":"","_mi_skip_tracking":false},"categories":[2449],"tags":[783],"featured_image_src":"https:\/\/www.messinaoggi.it\/website\/wp-content\/uploads\/2022\/08\/20220817_1155.jpg","author_info":{"display_name":"Admin","author_link":"https:\/\/www.messinaoggi.it\/website\/author\/admin\/"},"digistream_id":0,"digistream":false,"_links":{"self":[{"href":"https:\/\/www.messinaoggi.it\/website\/wp-json\/wp\/v2\/posts\/118174"}],"collection":[{"href":"https:\/\/www.messinaoggi.it\/website\/wp-json\/wp\/v2\/posts"}],"about":[{"href":"https:\/\/www.messinaoggi.it\/website\/wp-json\/wp\/v2\/types\/post"}],"author":[{"embeddable":true,"href":"https:\/\/www.messinaoggi.it\/website\/wp-json\/wp\/v2\/users\/18"}],"replies":[{"embeddable":true,"href":"https:\/\/www.messinaoggi.it\/website\/wp-json\/wp\/v2\/comments?post=118174"}],"version-history":[{"count":0,"href":"https:\/\/www.messinaoggi.it\/website\/wp-json\/wp\/v2\/posts\/118174\/revisions"}],"wp:featuredmedia":[{"embeddable":true,"href":"https:\/\/www.messinaoggi.it\/website\/wp-json\/wp\/v2\/media\/118175"}],"wp:attachment":[{"href":"https:\/\/www.messinaoggi.it\/website\/wp-json\/wp\/v2\/media?parent=118174"}],"wp:term":[{"taxonomy":"category","embeddable":true,"href":"https:\/\/www.messinaoggi.it\/website\/wp-json\/wp\/v2\/categories?post=118174"},{"taxonomy":"post_tag","embeddable":true,"href":"https:\/\/www.messinaoggi.it\/website\/wp-json\/wp\/v2\/tags?post=118174"}],"curies":[{"name":"wp","href":"https:\/\/api.w.org\/{rel}","templated":true}]}}