{"id":118131,"date":"2022-08-17T11:52:44","date_gmt":"2022-08-17T09:52:44","guid":{"rendered":"http:\/\/www.messinaoggi.it\/website\/?p=118131"},"modified":"2022-08-17T12:07:08","modified_gmt":"2022-08-17T10:07:08","slug":"inizia-il-controesodo-traffico-in-tilt","status":"publish","type":"post","link":"https:\/\/www.messinaoggi.it\/website\/2022\/08\/17\/inizia-il-controesodo-traffico-in-tilt\/","title":{"rendered":"Controesodo, Messina in tilt"},"content":{"rendered":"\n<p>\u00c8 iniziato il controesodo da Messina. Con la fine del Ferragosto sono cominciate le ripartenze di chi era arrivato in Sicilia per trascorrere le vacanze estive.<div id=\"div-gpt-ad-Messinaoggi.it-DSK-300x250-corpoart\" style=\"text-align:center;margin:0 auto;\"><\/div><\/p>\n\n\n\n<p>Vistose code si sono registrate soprattutto in corrispondenza del viale Boccetta e del viale della Libert\u00e0, che confluiranno successivamente nei pressi degli imbarcaderi. Al fine di rendere quanto pi\u00f9 gestibile possibile il traffico veicolare che si sta iniziando a creare, sono stati dispiegati i vigili urbani alla rada San Francesco.<div id=\"videoincontent\" style=\"clear:both\";><\/div><\/p>\n\n\n\n<p>Verosimilmente la situazione sar\u00e0 pi\u00f9 critica questo fine settimana, durante il quale il numero di ripartenze sar\u00e0 pi\u00f9 elevato.<\/p>\n","protected":false},"excerpt":{"rendered":"<p>\u00c8 iniziato il controesodo da Messina. Con la fine del Ferragosto sono cominciate le ripartenze di chi era arrivato in Sicilia per trascorrere le vacanze estive. Vistose code si sono registrate soprattutto in corrispondenza del viale Boccetta e del viale della Libert\u00e0, che confluiranno successivamente nei pressi degli imbarcaderi. Al fine di rendere quanto pi\u00f9 [&hellip;]<\/p>\n","protected":false},"author":8,"featured_media":23563,"comment_status":"open","ping_status":"open","sticky":false,"template":"","format":"standard","meta":{"ub_ctt_via":"","_mi_skip_tracking":false},"categories":[19],"tags":[2829,602],"featured_image_src":"https:\/\/www.messinaoggi.it\/website\/wp-content\/uploads\/2018\/08\/controesodo-auto-in-coda-verso-imbarchi-privati-1.jpg","author_info":{"display_name":"red..me","author_link":"https:\/\/www.messinaoggi.it\/website\/author\/redstage\/"},"digistream_id":0,"digistream":false,"_links":{"self":[{"href":"https:\/\/www.messinaoggi.it\/website\/wp-json\/wp\/v2\/posts\/118131"}],"collection":[{"href":"https:\/\/www.messinaoggi.it\/website\/wp-json\/wp\/v2\/posts"}],"about":[{"href":"https:\/\/www.messinaoggi.it\/website\/wp-json\/wp\/v2\/types\/post"}],"author":[{"embeddable":true,"href":"https:\/\/www.messinaoggi.it\/website\/wp-json\/wp\/v2\/users\/8"}],"replies":[{"embeddable":true,"href":"https:\/\/www.messinaoggi.it\/website\/wp-json\/wp\/v2\/comments?post=118131"}],"version-history":[{"count":2,"href":"https:\/\/www.messinaoggi.it\/website\/wp-json\/wp\/v2\/posts\/118131\/revisions"}],"predecessor-version":[{"id":118137,"href":"https:\/\/www.messinaoggi.it\/website\/wp-json\/wp\/v2\/posts\/118131\/revisions\/118137"}],"wp:featuredmedia":[{"embeddable":true,"href":"https:\/\/www.messinaoggi.it\/website\/wp-json\/wp\/v2\/media\/23563"}],"wp:attachment":[{"href":"https:\/\/www.messinaoggi.it\/website\/wp-json\/wp\/v2\/media?parent=118131"}],"wp:term":[{"taxonomy":"category","embeddable":true,"href":"https:\/\/www.messinaoggi.it\/website\/wp-json\/wp\/v2\/categories?post=118131"},{"taxonomy":"post_tag","embeddable":true,"href":"https:\/\/www.messinaoggi.it\/website\/wp-json\/wp\/v2\/tags?post=118131"}],"curies":[{"name":"wp","href":"https:\/\/api.w.org\/{rel}","templated":true}]}}