{"id":118094,"date":"2022-08-16T23:07:58","date_gmt":"2022-08-16T21:07:58","guid":{"rendered":"https:\/\/www.messinaoggi.it\/website\/2022\/08\/16\/jacobs-si-laurea-campione-deuropa-nei-100-metri-a-monaco\/"},"modified":"2022-08-16T23:07:58","modified_gmt":"2022-08-16T21:07:58","slug":"jacobs-si-laurea-campione-deuropa-nei-100-metri-a-monaco","status":"publish","type":"post","link":"https:\/\/www.messinaoggi.it\/website\/2022\/08\/16\/jacobs-si-laurea-campione-deuropa-nei-100-metri-a-monaco\/","title":{"rendered":"Jacobs si laurea campione d\u2019Europa nei 100 metri a Monaco"},"content":{"rendered":"<div>MONACO DI BAVIERA (GERMANIA) (ITALPRESS) &#8211; Marcell Jacobs ha vinto la medaglia d&#8217;oro nella finale dei 100 metri agli Europei di atletica. Il campione olimpico, eguagliando il record dei campionati con il crono di 9&#8243;95, ha preceduto i britannici Zharnel Hughes (9&#8243;99) e Jeremiah Azu (10&#8243;13), rispettivamente argento e bronzo. Ottava piazza per l&#8217;altro italiano in gara, Chituru Ali (10&#8243;28). &#8220;E&#8217; stata una stagione outdoor complicata e difficile, portare una medaglia d&#8217;oro a casa \u00e8 qualcosa che mi d\u00e0 tanta fiducia e mi fa capire che quel poco lavoro fatto funziona &#8211; ha detto lo sprinter delle Fiamme Oro a Raisport &#8211; Non sono soddisfattissimo della gara &#8211; ha aggiunto il campione olimpico, che sar\u00e0 ai blocchi anche della 4&#215;100 &#8211; Vorrei rivederla, in semifinale mi sembra di aver corso meglio e in finale ho sentito un p\u00f2 di tensione, per\u00f2 siamo arrivati davanti a tutti e questo \u00e8 l&#8217;importante&#8221;. Prima della semifinale, Jacobs ha avuto un problema al polpaccio: &#8220;Per fortuna una semplice contrattura che mi ha permesso di correre&#8221;. Grande performance anche per Yeman Crippa, che conquista il bronzo nella finale dei 5000 metri maschili. L&#8217;azzurro ha concluso la sua prova in 13&#8217;24&#8243;83, conquistando cos\u00ec l&#8217;ultimo gradino del podio. Oro per il norvegese Jakob Ingebrigtsen (13&#8217;21&#8243;13), argento per lo spagnolo Mohamed Katir (13&#8217;22&#8243;98); 13esimo l&#8217;altro italiano Pietro Riva (13&#8217;34&#8243;09). &#8220;Ho usato una tattica diversa, ho lanciato la volata e sono contento di un bronzo che nei 5000 non era scontato &#8211; ha sottolineato Crippa &#8211; Volevo dare un segnale sulla mia condizione, nei 10000 ci divertiremo di pi\u00f9&#8221;. Nei 100 donne, trionfo per la padrona di casa Gina Luckenkemper. La tedesca, con il tempo di 10&#8243;99, ha preceduto la svizzera Mujinga Kambundji (10&#8243;99) e la britannica Daryll Neita (11&#8243;00), rispettivamente argento e bronzo. Settima l&#8217;azzurra Zaynab Dosso (11&#8243;37). Dario Dester ha chiuso al sesto posto nel decathlon: all&#8217;Olympiastadion, l&#8217;azzurro ha timbrato il nuovo record italiano con 8218 punti. Oro per il tedesco Niklas Kaul (8454), argento per lo svizzero Simon Ehammer (8468), bronzo per l&#8217;estone Janek Oiglane (8346). Basta 2,21 per centrare la finale del salto in alto agli Europei. La qualificazione non sfugge a Gianmarco Tamberi e Marco Fassinotti: il campione olimpico la centra dopo un tentennamento al primo tentativo a questa quota, addomestica soltanto alla seconda prova, di fronte alla bolgia dei 50mila spettatori all&#8217;Olympiastadion; l&#8217;altro azzurro invece va a bersaglio direttamente al primo assalto. <br \/>&#8211; foto LivePhotoSport &#8211;<br \/>(ITALPRESS).<\/div>\n<div id=\"div-gpt-ad-Messinaoggi.it-DSK-300x250-corpoart\" style=\"text-align:center;margin:0 auto;\"><\/div><\/p><div id=\"videoincontent\" style=\"clear:both\";><\/div>","protected":false},"excerpt":{"rendered":"<p>MONACO DI BAVIERA (GERMANIA) (ITALPRESS) &#8211; Marcell Jacobs ha vinto la medaglia d&#8217;oro nella finale dei 100 metri agli Europei di atletica. Il campione olimpico, eguagliando il record dei campionati con il crono di 9&#8243;95, ha preceduto i britannici Zharnel Hughes (9&#8243;99) e Jeremiah Azu (10&#8243;13), rispettivamente argento e bronzo. Ottava piazza per l&#8217;altro italiano [&hellip;]<\/p>\n","protected":false},"author":18,"featured_media":118095,"comment_status":"closed","ping_status":"closed","sticky":false,"template":"","format":"standard","meta":{"ub_ctt_via":"","_mi_skip_tracking":false},"categories":[446],"tags":[783],"featured_image_src":"https:\/\/www.messinaoggi.it\/website\/wp-content\/uploads\/2022\/08\/20220816_1603.jpg","author_info":{"display_name":"Admin","author_link":"https:\/\/www.messinaoggi.it\/website\/author\/admin\/"},"digistream_id":0,"digistream":false,"_links":{"self":[{"href":"https:\/\/www.messinaoggi.it\/website\/wp-json\/wp\/v2\/posts\/118094"}],"collection":[{"href":"https:\/\/www.messinaoggi.it\/website\/wp-json\/wp\/v2\/posts"}],"about":[{"href":"https:\/\/www.messinaoggi.it\/website\/wp-json\/wp\/v2\/types\/post"}],"author":[{"embeddable":true,"href":"https:\/\/www.messinaoggi.it\/website\/wp-json\/wp\/v2\/users\/18"}],"replies":[{"embeddable":true,"href":"https:\/\/www.messinaoggi.it\/website\/wp-json\/wp\/v2\/comments?post=118094"}],"version-history":[{"count":0,"href":"https:\/\/www.messinaoggi.it\/website\/wp-json\/wp\/v2\/posts\/118094\/revisions"}],"wp:featuredmedia":[{"embeddable":true,"href":"https:\/\/www.messinaoggi.it\/website\/wp-json\/wp\/v2\/media\/118095"}],"wp:attachment":[{"href":"https:\/\/www.messinaoggi.it\/website\/wp-json\/wp\/v2\/media?parent=118094"}],"wp:term":[{"taxonomy":"category","embeddable":true,"href":"https:\/\/www.messinaoggi.it\/website\/wp-json\/wp\/v2\/categories?post=118094"},{"taxonomy":"post_tag","embeddable":true,"href":"https:\/\/www.messinaoggi.it\/website\/wp-json\/wp\/v2\/tags?post=118094"}],"curies":[{"name":"wp","href":"https:\/\/api.w.org\/{rel}","templated":true}]}}