{"id":117949,"date":"2022-08-14T18:17:53","date_gmt":"2022-08-14T16:17:53","guid":{"rendered":"https:\/\/www.messinaoggi.it\/website\/2022\/08\/14\/fava-da-centrodestra-finta-unita-chinnici-cominci-campagna-elettorale\/"},"modified":"2022-08-14T18:17:53","modified_gmt":"2022-08-14T16:17:53","slug":"fava-da-centrodestra-finta-unita-chinnici-cominci-campagna-elettorale","status":"publish","type":"post","link":"https:\/\/www.messinaoggi.it\/website\/2022\/08\/14\/fava-da-centrodestra-finta-unita-chinnici-cominci-campagna-elettorale\/","title":{"rendered":"Fava \u201cDa centrodestra finta unit\u00e0, Chinnici cominci campagna elettorale\u201d"},"content":{"rendered":"<div>\n<p>PALERMO (ITALPRESS) \u2013 \u201cLa ritrovata unit\u00e0 del centrodestra mi sembra pi\u00f9 di facciata che di sostanza\u201d. Lo dice all\u2019Italpress Claudio Fava, leader di Cento Passi per la Sicilia, in merito alle Regionali del 25 settembre prossimo e alla candidatura di Renato Schifani per il centrodestra e di Gaetano Armao per il terzo polo.<br \/>\u201cHanno scelto il candidato pi\u00f9 debole dopo avere scartato tutti gli altri che avevano qualche chance in pi\u00f9. Hanno scelto il candidato sotto rinvio a giudizio in una delle storie pi\u00f9 opache della vicenda politica siciliana degli ultimi vent\u2019anni, l\u2019affaire Montante\u201d, afferma Fava, che aggiunge: \u201cIl Terzo Polo in Sicilia si presenta con l\u2019assessore al Bilancio di Forza Italia che molla la scialuppa che affonda. Questo la dice lunga su quanto sia compatto questo centrodestra\u201d.<br \/>Riguardo alle polemiche nel fronte progressista tra Pd e M5S, per Fava \u201cnon \u00e8 una questione di Stato che il nome della Chinnici sia sul simbolo del Partito Democratico. Quello che mi interessa e preme \u00e8 che vorrei sentire la Chinnici molto pi\u00f9 in campagna elettorale. Mi auguro che abbia intenzione e capacit\u00e0 di recuperare rapidamente\u201d. E alla domanda se chieda una presenza pi\u00f9 forte della Chinnici in campagna elettorale risponde: \u201cNon pi\u00f9 forte, ma una presenza. Cominci a fare campagna elettorale\u201d.<br \/>Riguardo ai programmi, \u201cil tema della tutela ambientale e soprattutto di una capacit\u00e0 di cura del territorio \u00e8 fondamentale. La grande opera pubblica da realizzare \u00e8 la messa in sicurezza della Sicilia, cento volte pi\u00f9 importante del Ponte sullo Stretto\u201d.<br \/>Tra le altre priorit\u00e0, Fava propone di \u201cmettere mano alla riforma del piano rifiuti e a un piano energetico e industriale, che sono le grandi assenze di 5 anni di governo Musumeci\u201d, oltre a \u201cpretendere che la sanit\u00e0 pubblica torni pubblica, non un dominio e un feudo privato in mano ai partiti di governo\u201d. In particolare, sui rifiuti, \u201csiamo contro l\u2019uso dissennato delle discariche private come unico rimedio \u2013 sottolinea il leader di Cento Passi -. Occorre intervenire su impianti pubblici che lavorino i rifiuti a valle, andando verso un\u2019economia circolare basata su riuso, recupero e riciclo\u201d.<div id=\"div-gpt-ad-Messinaoggi.it-DSK-300x250-corpoart\" style=\"text-align:center;margin:0 auto;\"><\/div><\/p>\n<p>\u2013 foto Agenziafotogramma.it \u2013<div id=\"videoincontent\" style=\"clear:both\";><\/div><\/p>\n<p>(ITALPRESS).<\/p>\n<\/div>\n","protected":false},"excerpt":{"rendered":"<p>PALERMO (ITALPRESS) \u2013 \u201cLa ritrovata unit\u00e0 del centrodestra mi sembra pi\u00f9 di facciata che di sostanza\u201d. Lo dice all\u2019Italpress Claudio Fava, leader di Cento Passi per la Sicilia, in merito alle Regionali del 25 settembre prossimo e alla candidatura di Renato Schifani per il centrodestra e di Gaetano Armao per il terzo polo.\u201cHanno scelto il [&hellip;]<\/p>\n","protected":false},"author":18,"featured_media":117950,"comment_status":"closed","ping_status":"closed","sticky":false,"template":"","format":"standard","meta":{"ub_ctt_via":"","_mi_skip_tracking":false},"categories":[2449],"tags":[783],"featured_image_src":"https:\/\/www.messinaoggi.it\/website\/wp-content\/uploads\/2022\/08\/20220814_1274.jpg","author_info":{"display_name":"Admin","author_link":"https:\/\/www.messinaoggi.it\/website\/author\/admin\/"},"digistream_id":0,"digistream":false,"_links":{"self":[{"href":"https:\/\/www.messinaoggi.it\/website\/wp-json\/wp\/v2\/posts\/117949"}],"collection":[{"href":"https:\/\/www.messinaoggi.it\/website\/wp-json\/wp\/v2\/posts"}],"about":[{"href":"https:\/\/www.messinaoggi.it\/website\/wp-json\/wp\/v2\/types\/post"}],"author":[{"embeddable":true,"href":"https:\/\/www.messinaoggi.it\/website\/wp-json\/wp\/v2\/users\/18"}],"replies":[{"embeddable":true,"href":"https:\/\/www.messinaoggi.it\/website\/wp-json\/wp\/v2\/comments?post=117949"}],"version-history":[{"count":0,"href":"https:\/\/www.messinaoggi.it\/website\/wp-json\/wp\/v2\/posts\/117949\/revisions"}],"wp:featuredmedia":[{"embeddable":true,"href":"https:\/\/www.messinaoggi.it\/website\/wp-json\/wp\/v2\/media\/117950"}],"wp:attachment":[{"href":"https:\/\/www.messinaoggi.it\/website\/wp-json\/wp\/v2\/media?parent=117949"}],"wp:term":[{"taxonomy":"category","embeddable":true,"href":"https:\/\/www.messinaoggi.it\/website\/wp-json\/wp\/v2\/categories?post=117949"},{"taxonomy":"post_tag","embeddable":true,"href":"https:\/\/www.messinaoggi.it\/website\/wp-json\/wp\/v2\/tags?post=117949"}],"curies":[{"name":"wp","href":"https:\/\/api.w.org\/{rel}","templated":true}]}}