{"id":11794,"date":"2017-11-22T14:54:11","date_gmt":"2017-11-22T13:54:11","guid":{"rendered":"http:\/\/www.messinaoggi.it\/website\/?p=11794"},"modified":"2017-11-22T14:54:11","modified_gmt":"2017-11-22T13:54:11","slug":"consulta-comunale-delle-organizzazioni-sociali-avviata-con-ufficio-e-programma","status":"publish","type":"post","link":"https:\/\/www.messinaoggi.it\/website\/2017\/11\/22\/consulta-comunale-delle-organizzazioni-sociali-avviata-con-ufficio-e-programma\/","title":{"rendered":"Consulta comunale delle organizzazioni sociali, avviata con ufficio e programma"},"content":{"rendered":"<p style=\"text-align: justify\"><img loading=\"lazy\" class=\"size-medium wp-image-28170\n          alignleft\" src=\"https:\/\/webmaillight.aruba.it\/cgi-bin\/ajaxmail?Act_View=1&amp;ID=IeBAJTpoyaMGbYoQMmBALkR8kdAgSI0GJHlCkKVHrRZUGAAUqsnFE@&amp;R_Folder=SU5CT1g=&amp;msgID=385&amp;Body=2.2\" alt=\"\" width=\"300\" height=\"169\" \/>L\u2019ufficio di coordinamento, il programma e gli obiettivi della Consulta comunale delle organizzazioni sociali sono stati presentati nel corso di una conferenza stampa oggi a Palazzo Zanca, con l\u2019assessora alle Politiche Sociali, Nina Santisi e il presidente della Consulta Nicola Bonanno.<div id=\"div-gpt-ad-Messinaoggi.it-DSK-300x250-corpoart\" style=\"text-align:center;margin:0 auto;\"><\/div><\/p>\n<p style=\"text-align: justify\">Si tratta di un organo importante di partecipazione dei cittadini \u2013 ha dichiarato la Santisi \u2013 che, dopo avere individuato al suo interno coordinatori e aree tematiche, le presenta oggi alla citt\u00e0. Per il mio Assessorato \u00e8 un interlocutore indispensabile nel rappresentare i bisogni e i disagi delle fasce pi\u00f9 vulnerabili. Oggi quindi \u00e8 un altro momento di condivisione con la cittadinanza, auguro a tutti buon lavoro\u201d.<div id=\"videoincontent\" style=\"clear:both\";><\/div><\/p>\n<p style=\"text-align: justify\">Tale organismo, cos\u00ec come previsto dal regolamento del Consiglio comunale che lo ha istituito, risulta composto, oltre che dal presidente Bonanno, dall\u2019esperto comunale a titolo gratuito, Claudio Aloisi; dal funzionario comunale nel ruolo di segretario, Giuseppe Trovatello; dalla vicepresidente eletta dalle Organizzazioni aderenti, Cristina Cannistr\u00e0; e dai coordinatori di area in quanto la Consulta si struttura in gruppi di lavoro tematici diversificati secondo le tipologie di intervento. I coordinatori sono stati eletti durante l\u2019assemblea generale dello scorso 6 novembre all\u2019interno dei propri gruppi di lavoro e sono sei: Santo Santonocito (ANTEAS) per gli anziani; Antonino Morabito (SENZA BARRIERE) per i disabili; Maria Luisa Pino (Associazione Nazionale Pedagogisti Italiani) per famiglia, minori e giovani; Enza Tosi (Cittadinanza Attiva) per Immigrati; Antonio Russo (Dal Sociale al Risveglio Cristiano) per povert\u00e0; e Francesco Conti (Faro centro di solidariet\u00e0) per le dipendenze.<\/p>\n","protected":false},"excerpt":{"rendered":"<p>L\u2019ufficio di coordinamento, il programma e gli obiettivi della Consulta comunale delle organizzazioni sociali sono stati presentati nel corso di una conferenza stampa oggi a Palazzo Zanca, con l\u2019assessora alle Politiche Sociali, Nina Santisi e il presidente della Consulta Nicola Bonanno. Si tratta di un organo importante di partecipazione dei cittadini \u2013 ha dichiarato la [&hellip;]<\/p>\n","protected":false},"author":7,"featured_media":10355,"comment_status":"closed","ping_status":"open","sticky":false,"template":"","format":"standard","meta":{"ub_ctt_via":"","_mi_skip_tracking":false},"categories":[4],"tags":[],"featured_image_src":"https:\/\/www.messinaoggi.it\/website\/wp-content\/uploads\/2017\/10\/palazzo-zanca-messinaRRP_1715.jpg","author_info":{"display_name":"Redazione1","author_link":"https:\/\/www.messinaoggi.it\/website\/author\/redazione1\/"},"digistream_id":0,"digistream":false,"_links":{"self":[{"href":"https:\/\/www.messinaoggi.it\/website\/wp-json\/wp\/v2\/posts\/11794"}],"collection":[{"href":"https:\/\/www.messinaoggi.it\/website\/wp-json\/wp\/v2\/posts"}],"about":[{"href":"https:\/\/www.messinaoggi.it\/website\/wp-json\/wp\/v2\/types\/post"}],"author":[{"embeddable":true,"href":"https:\/\/www.messinaoggi.it\/website\/wp-json\/wp\/v2\/users\/7"}],"replies":[{"embeddable":true,"href":"https:\/\/www.messinaoggi.it\/website\/wp-json\/wp\/v2\/comments?post=11794"}],"version-history":[{"count":0,"href":"https:\/\/www.messinaoggi.it\/website\/wp-json\/wp\/v2\/posts\/11794\/revisions"}],"wp:featuredmedia":[{"embeddable":true,"href":"https:\/\/www.messinaoggi.it\/website\/wp-json\/wp\/v2\/media\/10355"}],"wp:attachment":[{"href":"https:\/\/www.messinaoggi.it\/website\/wp-json\/wp\/v2\/media?parent=11794"}],"wp:term":[{"taxonomy":"category","embeddable":true,"href":"https:\/\/www.messinaoggi.it\/website\/wp-json\/wp\/v2\/categories?post=11794"},{"taxonomy":"post_tag","embeddable":true,"href":"https:\/\/www.messinaoggi.it\/website\/wp-json\/wp\/v2\/tags?post=11794"}],"curies":[{"name":"wp","href":"https:\/\/api.w.org\/{rel}","templated":true}]}}