{"id":117927,"date":"2022-08-14T11:32:50","date_gmt":"2022-08-14T09:32:50","guid":{"rendered":"https:\/\/www.messinaoggi.it\/website\/2022\/08\/14\/micciche-schifani-vero-democratico-non-fara-come-musumeci\/"},"modified":"2022-08-14T11:32:50","modified_gmt":"2022-08-14T09:32:50","slug":"micciche-schifani-vero-democratico-non-fara-come-musumeci","status":"publish","type":"post","link":"https:\/\/www.messinaoggi.it\/website\/2022\/08\/14\/micciche-schifani-vero-democratico-non-fara-come-musumeci\/","title":{"rendered":"Miccich\u00e8 \u201cSchifani vero democratico, non far\u00e0 come Musumeci\u201d"},"content":{"rendered":"<div>\n<p>PALERMO (ITALPRESS) \u2013 \u201cSchifani \u00e8 un\u2019icona di Forza Italia, cos\u00ec come lo \u00e8 la Prestigiacomo. Come ha dimostrato da Presidente del Senato, \u00e8 una persona che si fa amare da tutti, cos\u00ec come io da presidente dell\u2019Ars mi sono fatto amare da tutti. E\u2019 un democratico vero, con lui non corriamo il rischio che in Regione accada quanto accaduto con Musumeci\u201d. Lo dice Gianfranco Miccich\u00e9, presidente dell\u2019Ars e coordinatore di Fi in Sicilia. Miccich\u00e9 torna sulle discussioni per la sscelta del candidato del centrodestra alla presidenza della Regione siciliana. \u201cHo avuto 2 settimane di trattativa come mai mi \u00e8 accaduto prima \u2013 racconta \u2013 E\u2019 stata una violenza dietro l\u2019altra. Schifani \u00e8 un\u2019icona di Fi, come la Prestigiacomo ed \u00e8 ancora incomprensibile il no a lei come ad altri, arrivato con una violenza anche verbale non consentita, alla quale non eravamo non abituati da parte di La Russa\u201d. \u201cFdi aveva deciso che dovevano scegliere loro \u2013 prosegue \u2013 Questo non mi piace, che quando noi ervamo primo partito lavoravamo per aiutare gli alleati, mentre oggi che Fdi \u00e8 primo lavora per restare l\u2019unico partito. Grazie a Dio Schifani \u00e8 intelligente, leale, conosce i nostri meccanismi di generosit\u00e0 del passato\u201d. \u201cMa dal momento che cerco sempre le cose positive \u2013 aggiunge \u2013 dico che La Russa mi ha insegnato qualcosa, ovvero che non bisogna avere piet\u00e0. Forse ha ragione La Russa quando pensa di ammazzare politicamente tutti gli altri. Ne far\u00f2 tesoro anche se non fa parte della mia cultura\u201d. Nella composizione del governo regionale, in caso di vittoria del centrodestra, Miccich\u00e9 mette in guardia Schifani: \u201cNon si faccia infinocchiare come hanno infinocchiato noi le ultime volte, me incluso, da uno come Armao (Gaetano Armao, attuale vicepresidente della Regione siciliana, ndr), che con i sui \u2018indignati\u2019 millantava una forza politica importante ma poi quando li cercava, questi \u2018indignati\u2019, non ci riusciva\u201d. Armao che in cambio di quella falsit\u00e0 si prese la vice presidenza della Regione \u2013 conclude \u2013 Ora sta facendo esattamente la stessa operazione. Invito l\u2019amico Schifani a non farsi infinocchiare. Se ci caschiamo anche stavolta\u2026 Armao non ha un voto, ma con giochi \u2018imbroglioneschi\u2019 riesce a trovare sempre posizione. Spero che Renato lo capisca\u201d.<div id=\"div-gpt-ad-Messinaoggi.it-DSK-300x250-corpoart\" style=\"text-align:center;margin:0 auto;\"><\/div><\/p>\n<p>\u2013 Foto Agenziafotogramma.it \u2013<br \/>\n(ITALPRESS).<div id=\"videoincontent\" style=\"clear:both\";><\/div><\/p>\n<\/div>\n","protected":false},"excerpt":{"rendered":"<p>PALERMO (ITALPRESS) \u2013 \u201cSchifani \u00e8 un\u2019icona di Forza Italia, cos\u00ec come lo \u00e8 la Prestigiacomo. Come ha dimostrato da Presidente del Senato, \u00e8 una persona che si fa amare da tutti, cos\u00ec come io da presidente dell\u2019Ars mi sono fatto amare da tutti. E\u2019 un democratico vero, con lui non corriamo il rischio che in [&hellip;]<\/p>\n","protected":false},"author":18,"featured_media":117928,"comment_status":"closed","ping_status":"closed","sticky":false,"template":"","format":"standard","meta":{"ub_ctt_via":"","_mi_skip_tracking":false},"categories":[2449],"tags":[783],"featured_image_src":"https:\/\/www.messinaoggi.it\/website\/wp-content\/uploads\/2022\/08\/micciche.jpg","author_info":{"display_name":"Admin","author_link":"https:\/\/www.messinaoggi.it\/website\/author\/admin\/"},"digistream_id":0,"digistream":false,"_links":{"self":[{"href":"https:\/\/www.messinaoggi.it\/website\/wp-json\/wp\/v2\/posts\/117927"}],"collection":[{"href":"https:\/\/www.messinaoggi.it\/website\/wp-json\/wp\/v2\/posts"}],"about":[{"href":"https:\/\/www.messinaoggi.it\/website\/wp-json\/wp\/v2\/types\/post"}],"author":[{"embeddable":true,"href":"https:\/\/www.messinaoggi.it\/website\/wp-json\/wp\/v2\/users\/18"}],"replies":[{"embeddable":true,"href":"https:\/\/www.messinaoggi.it\/website\/wp-json\/wp\/v2\/comments?post=117927"}],"version-history":[{"count":0,"href":"https:\/\/www.messinaoggi.it\/website\/wp-json\/wp\/v2\/posts\/117927\/revisions"}],"wp:featuredmedia":[{"embeddable":true,"href":"https:\/\/www.messinaoggi.it\/website\/wp-json\/wp\/v2\/media\/117928"}],"wp:attachment":[{"href":"https:\/\/www.messinaoggi.it\/website\/wp-json\/wp\/v2\/media?parent=117927"}],"wp:term":[{"taxonomy":"category","embeddable":true,"href":"https:\/\/www.messinaoggi.it\/website\/wp-json\/wp\/v2\/categories?post=117927"},{"taxonomy":"post_tag","embeddable":true,"href":"https:\/\/www.messinaoggi.it\/website\/wp-json\/wp\/v2\/tags?post=117927"}],"curies":[{"name":"wp","href":"https:\/\/api.w.org\/{rel}","templated":true}]}}