{"id":117905,"date":"2022-08-14T09:07:50","date_gmt":"2022-08-14T07:07:50","guid":{"rendered":"https:\/\/www.messinaoggi.it\/website\/2022\/08\/14\/meloni-fdi-per-il-presidenzialismo-gli-italiani-sceglieranno\/"},"modified":"2022-08-14T09:07:50","modified_gmt":"2022-08-14T07:07:50","slug":"meloni-fdi-per-il-presidenzialismo-gli-italiani-sceglieranno","status":"publish","type":"post","link":"https:\/\/www.messinaoggi.it\/website\/2022\/08\/14\/meloni-fdi-per-il-presidenzialismo-gli-italiani-sceglieranno\/","title":{"rendered":"Meloni \u201cFdi per il presidenzialismo, gli italiani sceglieranno\u201d"},"content":{"rendered":"<div>ROMA (ITALPRESS) &#8211; &#8220;Fdi si batter\u00e0 per il presidenzialismo, il Pd lo considera un pericolo per la democrazia. E gli italiani sceglieranno&#8221;. Lo dice il presidente di Fratelli d&#8217;Italia, Giorgia Meloni, in un colloquio con il Corriere della Sera. Il presidenzialismo, dice Meloni, pu\u00f2 rendere &#8220;autorevole, forte, stabile e dunque molto pi\u00f9 competitiva la Nazione&#8221;. CIrca le polemiche sulle frasi di Silvio Berlusconi su Mattarella, &#8220;\u00e8 stata fatta una gran polemica sul nulla. Non c&#8217;\u00e8 nessuna dichiarazione di ostilit\u00e0 nei confronti di Mattarella. Il dubbio su cosa possa accadere dopo l&#8217;approvazione di una riforma ci pu\u00f2 stare, ma noi pensiamo che la cosa pi\u00f9 naturale e logica sia che una riforma di questa portata, che cambia l&#8217;assetto dei poteri, entri in vigore non a governo in carica, ma nella legislatura successiva. Esattamente come \u00e8 avvenuto con la riduzione del numero dei parlamentari&#8221;. L&#8217;uscita del leader di Fi nasconde un accorso sulle cariche istituzionali? &#8220;Assolutamente no &#8211; afferma Meloni &#8211; Noi proponiamo il presidenzialismo da sempre, non c&#8217;\u00e8 nessuna ragione contingente. Ci andrebbe bene anche se alla fine gli italiani dovessero scegliere un presidente di sinistra&#8221;. Meloni torna sulla questione della fiamma nel simbolo di Fdi. &#8220;Con rispetto e stima per la senatrice Segre: la fiamma nel simbolo di Fdi nulla ha a che fare con il fascismo, ma \u00e8 il riconoscimento del percorso fatto da una destra democratica nella nostra storia repubblicana. Ne andiamo fieri&#8221;.<br \/>\n&#8211; Foto Agenziafotogramma.it &#8211;<br \/>\n(ITALPRESS).<\/div>\n<div id=\"div-gpt-ad-Messinaoggi.it-DSK-300x250-corpoart\" style=\"text-align:center;margin:0 auto;\"><\/div><\/p><div id=\"videoincontent\" style=\"clear:both\";><\/div>","protected":false},"excerpt":{"rendered":"<p>ROMA (ITALPRESS) &#8211; &#8220;Fdi si batter\u00e0 per il presidenzialismo, il Pd lo considera un pericolo per la democrazia. E gli italiani sceglieranno&#8221;. Lo dice il presidente di Fratelli d&#8217;Italia, Giorgia Meloni, in un colloquio con il Corriere della Sera. Il presidenzialismo, dice Meloni, pu\u00f2 rendere &#8220;autorevole, forte, stabile e dunque molto pi\u00f9 competitiva la Nazione&#8221;. [&hellip;]<\/p>\n","protected":false},"author":18,"featured_media":117906,"comment_status":"closed","ping_status":"closed","sticky":false,"template":"","format":"standard","meta":{"ub_ctt_via":"","_mi_skip_tracking":false},"categories":[446],"tags":[783],"featured_image_src":"https:\/\/www.messinaoggi.it\/website\/wp-content\/uploads\/2022\/08\/20220814_0086.jpg","author_info":{"display_name":"Admin","author_link":"https:\/\/www.messinaoggi.it\/website\/author\/admin\/"},"digistream_id":0,"digistream":false,"_links":{"self":[{"href":"https:\/\/www.messinaoggi.it\/website\/wp-json\/wp\/v2\/posts\/117905"}],"collection":[{"href":"https:\/\/www.messinaoggi.it\/website\/wp-json\/wp\/v2\/posts"}],"about":[{"href":"https:\/\/www.messinaoggi.it\/website\/wp-json\/wp\/v2\/types\/post"}],"author":[{"embeddable":true,"href":"https:\/\/www.messinaoggi.it\/website\/wp-json\/wp\/v2\/users\/18"}],"replies":[{"embeddable":true,"href":"https:\/\/www.messinaoggi.it\/website\/wp-json\/wp\/v2\/comments?post=117905"}],"version-history":[{"count":0,"href":"https:\/\/www.messinaoggi.it\/website\/wp-json\/wp\/v2\/posts\/117905\/revisions"}],"wp:featuredmedia":[{"embeddable":true,"href":"https:\/\/www.messinaoggi.it\/website\/wp-json\/wp\/v2\/media\/117906"}],"wp:attachment":[{"href":"https:\/\/www.messinaoggi.it\/website\/wp-json\/wp\/v2\/media?parent=117905"}],"wp:term":[{"taxonomy":"category","embeddable":true,"href":"https:\/\/www.messinaoggi.it\/website\/wp-json\/wp\/v2\/categories?post=117905"},{"taxonomy":"post_tag","embeddable":true,"href":"https:\/\/www.messinaoggi.it\/website\/wp-json\/wp\/v2\/tags?post=117905"}],"curies":[{"name":"wp","href":"https:\/\/api.w.org\/{rel}","templated":true}]}}