{"id":117872,"date":"2022-08-13T13:17:52","date_gmt":"2022-08-13T11:17:52","guid":{"rendered":"https:\/\/www.messinaoggi.it\/website\/2022\/08\/13\/schifani-commosso-per-la-candidatura-lavorero-senza-sosta-per-il-bene-della-sicilia\/"},"modified":"2022-08-13T13:17:52","modified_gmt":"2022-08-13T11:17:52","slug":"schifani-commosso-per-la-candidatura-lavorero-senza-sosta-per-il-bene-della-sicilia","status":"publish","type":"post","link":"https:\/\/www.messinaoggi.it\/website\/2022\/08\/13\/schifani-commosso-per-la-candidatura-lavorero-senza-sosta-per-il-bene-della-sicilia\/","title":{"rendered":"Schifani \u201cCommosso per la candidatura, lavorer\u00f2 senza sosta per il bene della Sicilia\u201d"},"content":{"rendered":"<div>\n<p>PALERMO (ITALPRESS) \u2013 \u201cSono onorato e commosso dalle parole di Gianfranco Miccich\u00e8 che mi indica come candidato di Forza Italia alla presidenza della Regione siciliana\u201d. Cos\u00ec in una nota il senatore di Forza Italia Renato Schifani. \u201cUn profondo e sincero ringraziamento va al Presidente Berlusconi, al coordinatore nazionale Antonio Tajani e alla classe dirigente del mio partito che ha voluto questo mio impegno \u2013 aggiunge -. Ringrazio inoltre tutti gli alleati della coalizione per il sostegno e la fiducia dimostratami. Lavorer\u00f2 senza sosta per il bene e la crescita della mia terra, sempre nel rispetto delle varie sensibilit\u00e0 dei partiti della coalizione e della sua unit\u00e0\u201d.<div id=\"div-gpt-ad-Messinaoggi.it-DSK-300x250-corpoart\" style=\"text-align:center;margin:0 auto;\"><\/div><\/p>\n<p>\u2013 foto agenziafotogramma.it \u2013<br \/>\n(ITALPRESS).<div id=\"videoincontent\" style=\"clear:both\";><\/div><\/p>\n<\/div>\n","protected":false},"excerpt":{"rendered":"<p>PALERMO (ITALPRESS) \u2013 \u201cSono onorato e commosso dalle parole di Gianfranco Miccich\u00e8 che mi indica come candidato di Forza Italia alla presidenza della Regione siciliana\u201d. Cos\u00ec in una nota il senatore di Forza Italia Renato Schifani. \u201cUn profondo e sincero ringraziamento va al Presidente Berlusconi, al coordinatore nazionale Antonio Tajani e alla classe dirigente del [&hellip;]<\/p>\n","protected":false},"author":18,"featured_media":117873,"comment_status":"closed","ping_status":"closed","sticky":false,"template":"","format":"standard","meta":{"ub_ctt_via":"","_mi_skip_tracking":false},"categories":[2449],"tags":[783],"featured_image_src":"https:\/\/www.messinaoggi.it\/website\/wp-content\/uploads\/2022\/08\/20220813_0530-1.jpg","author_info":{"display_name":"Admin","author_link":"https:\/\/www.messinaoggi.it\/website\/author\/admin\/"},"digistream_id":0,"digistream":false,"_links":{"self":[{"href":"https:\/\/www.messinaoggi.it\/website\/wp-json\/wp\/v2\/posts\/117872"}],"collection":[{"href":"https:\/\/www.messinaoggi.it\/website\/wp-json\/wp\/v2\/posts"}],"about":[{"href":"https:\/\/www.messinaoggi.it\/website\/wp-json\/wp\/v2\/types\/post"}],"author":[{"embeddable":true,"href":"https:\/\/www.messinaoggi.it\/website\/wp-json\/wp\/v2\/users\/18"}],"replies":[{"embeddable":true,"href":"https:\/\/www.messinaoggi.it\/website\/wp-json\/wp\/v2\/comments?post=117872"}],"version-history":[{"count":0,"href":"https:\/\/www.messinaoggi.it\/website\/wp-json\/wp\/v2\/posts\/117872\/revisions"}],"wp:featuredmedia":[{"embeddable":true,"href":"https:\/\/www.messinaoggi.it\/website\/wp-json\/wp\/v2\/media\/117873"}],"wp:attachment":[{"href":"https:\/\/www.messinaoggi.it\/website\/wp-json\/wp\/v2\/media?parent=117872"}],"wp:term":[{"taxonomy":"category","embeddable":true,"href":"https:\/\/www.messinaoggi.it\/website\/wp-json\/wp\/v2\/categories?post=117872"},{"taxonomy":"post_tag","embeddable":true,"href":"https:\/\/www.messinaoggi.it\/website\/wp-json\/wp\/v2\/tags?post=117872"}],"curies":[{"name":"wp","href":"https:\/\/api.w.org\/{rel}","templated":true}]}}