{"id":117855,"date":"2022-08-13T11:07:52","date_gmt":"2022-08-13T09:07:52","guid":{"rendered":"https:\/\/www.messinaoggi.it\/website\/2022\/08\/13\/ancelotti-occhio-alla-roma-dopo-il-real-madrid-smetto\/"},"modified":"2022-08-13T11:25:39","modified_gmt":"2022-08-13T09:25:39","slug":"ancelotti-occhio-alla-roma-dopo-il-real-madrid-smetto","status":"publish","type":"post","link":"https:\/\/www.messinaoggi.it\/website\/2022\/08\/13\/ancelotti-occhio-alla-roma-dopo-il-real-madrid-smetto\/","title":{"rendered":"Ancelotti \u201cOcchio alla Roma, dopo il Real Madrid smetto\u201d"},"content":{"rendered":"<div>ROMA (ITALPRESS) &#8211; &#8220;Le favorite per lo scudetto sono sempre le solite tre, ovvero Inter, Milan e Juve, ma la Roma c&#8217;\u00e8. Io? Dopo il Real Madrid smetto&#8221;. Parola di Carlo Ancelotti, dalle colonne de &#8220;Il Messaggero&#8221;. &#8220;Il tempo ha cambiato alcune dinamiche. Fino a qualche anno fa le priorit\u00e0 erano tecnico-tattiche. Ora sono conquistato dalle relazioni umane, dalla conoscenza delle persone, dal confronto con le nuove generazioni. Questa tappa al Real concluder\u00e0 la mia carriera. Dopo i Blancos smetto. Il Real \u00e8 il top del calcio. Ha un senso mettere la parola fine dopo questa esperienza&#8221;, ha detto il tecnico di Reggiolo.<br \/>&#8220;In Italia vedo le solite tre in pole position, magari con equilibri diversi. Il Milan ha preso un talento interessante come De Ketelaere e prosegue sulla linea tracciata da Maldini, ovvero i giovani: Tonali e Leao sono state grandi intuizioni. L&#8217;Inter ha il motore potente ed \u00e8 tornato Lukaku. La Juventus sta ancora lavorando sul mercato ma gi\u00e0 l&#8217;arrivo di Di Maria \u00e8 un&#8217;operazione intelligente: campione integro, di qualit\u00e0 e di esperienza&#8221;, ha affermato ancora Ancelotti.<br \/>&#8220;Occhio poi alla Roma. Si \u00e8 rinforzata molto. Dybala, Wijnaldum e Matic sono colpi importanti. Spinazzola e Zaniolo sono usciti dall&#8217;ombra degli infortuni. La Roma pu\u00f2 giocarsela con le altre, sebbene con i nuovi acquisti ci siano sempre le incognite legate ai tempi dell&#8217;inserimento. Nella biografia di Mourinho, la seconda stagione alla guida di un club coincide spesso con i grandi successi&#8221;, ha spiegato poi l&#8217;allenatore italiano.<br \/>&#8220;Mourinho \u00e8 entrato molto bene nella storia della Roma. Ci sentiamo spesso, ci mandiamo messaggi. La Roma aveva bisogno di un allenatore come lui e lui aveva bisogno dell&#8217;affetto di una piazza come quella romana. Un matrimonio perfetto. Aggiungerei una considerazione: la societ\u00e0 che sta gestendo la Roma mi pare estremamente seria. Hanno le idee chiare&#8221;, ha continuato Ancelotti.<br \/>&#8220;Benzema ha il Pallone d&#8217;oro in tasca? Meritato: stagione straordinaria la sua. La Liga di questa stagione sar\u00e0 pi\u00f9 combattuta rispetto all&#8217;anno scorso. Il Barcellona si \u00e8 rinforzato. Il Siviglia resta competitivo, anche dopo le partenze. L&#8217;Atletico \u00e8 solido. A Bilbao c&#8217;\u00e8 un allenatore esperto come Valverde. Il Valencia di Gattuso si porta dietro una citt\u00e0 importante e la storia&#8221;, ha puntualizzato il tecnico del Real Madrid.<br \/>&#8220;I Mondiali? Brasile e Francia sono le Nazionali pi\u00f9 forti, poi dico Argentina. La squadra di Scaloni \u00e8 tornata al top e poi c&#8217;\u00e8 sempre Messi. La Spagna \u00e8 l&#8217;altra big da tenere d&#8217;occhio. Aggiungo Inghilterra e Germania, dove \u00e8 stato avviato un percorso di rinnovamento&#8221;, ha concluso Ancelotti.<br \/>&#8211; foto agenziafotogramma.it &#8211;<br \/>(ITALPRESS).<\/div>\n<div id=\"div-gpt-ad-Messinaoggi.it-DSK-300x250-corpoart\" style=\"text-align:center;margin:0 auto;\"><\/div><\/p><div id=\"videoincontent\" style=\"clear:both\";><\/div>","protected":false},"excerpt":{"rendered":"<p>ROMA (ITALPRESS) &#8211; &#8220;Le favorite per lo scudetto sono sempre le solite tre, ovvero Inter, Milan e Juve, ma la Roma c&#8217;\u00e8. Io? Dopo il Real Madrid smetto&#8221;. Parola di Carlo Ancelotti, dalle colonne de &#8220;Il Messaggero&#8221;. &#8220;Il tempo ha cambiato alcune dinamiche. Fino a qualche anno fa le priorit\u00e0 erano tecnico-tattiche. Ora sono conquistato [&hellip;]<\/p>\n","protected":false},"author":18,"featured_media":117856,"comment_status":"closed","ping_status":"closed","sticky":false,"template":"","format":"standard","meta":{"ub_ctt_via":"","_mi_skip_tracking":false},"categories":[10,446,9],"tags":[783],"featured_image_src":"https:\/\/www.messinaoggi.it\/website\/wp-content\/uploads\/2022\/08\/20220813_0189.jpg","author_info":{"display_name":"Admin","author_link":"https:\/\/www.messinaoggi.it\/website\/author\/admin\/"},"digistream_id":0,"digistream":false,"_links":{"self":[{"href":"https:\/\/www.messinaoggi.it\/website\/wp-json\/wp\/v2\/posts\/117855"}],"collection":[{"href":"https:\/\/www.messinaoggi.it\/website\/wp-json\/wp\/v2\/posts"}],"about":[{"href":"https:\/\/www.messinaoggi.it\/website\/wp-json\/wp\/v2\/types\/post"}],"author":[{"embeddable":true,"href":"https:\/\/www.messinaoggi.it\/website\/wp-json\/wp\/v2\/users\/18"}],"replies":[{"embeddable":true,"href":"https:\/\/www.messinaoggi.it\/website\/wp-json\/wp\/v2\/comments?post=117855"}],"version-history":[{"count":1,"href":"https:\/\/www.messinaoggi.it\/website\/wp-json\/wp\/v2\/posts\/117855\/revisions"}],"predecessor-version":[{"id":117860,"href":"https:\/\/www.messinaoggi.it\/website\/wp-json\/wp\/v2\/posts\/117855\/revisions\/117860"}],"wp:featuredmedia":[{"embeddable":true,"href":"https:\/\/www.messinaoggi.it\/website\/wp-json\/wp\/v2\/media\/117856"}],"wp:attachment":[{"href":"https:\/\/www.messinaoggi.it\/website\/wp-json\/wp\/v2\/media?parent=117855"}],"wp:term":[{"taxonomy":"category","embeddable":true,"href":"https:\/\/www.messinaoggi.it\/website\/wp-json\/wp\/v2\/categories?post=117855"},{"taxonomy":"post_tag","embeddable":true,"href":"https:\/\/www.messinaoggi.it\/website\/wp-json\/wp\/v2\/tags?post=117855"}],"curies":[{"name":"wp","href":"https:\/\/api.w.org\/{rel}","templated":true}]}}