{"id":117842,"date":"2022-08-12T21:47:59","date_gmt":"2022-08-12T19:47:59","guid":{"rendered":"https:\/\/www.messinaoggi.it\/website\/2022\/08\/12\/regionali-sicilia-forza-italia-fdi-e-centristi-convergono-su-schifani\/"},"modified":"2022-08-12T21:47:59","modified_gmt":"2022-08-12T19:47:59","slug":"regionali-sicilia-forza-italia-fdi-e-centristi-convergono-su-schifani","status":"publish","type":"post","link":"https:\/\/www.messinaoggi.it\/website\/2022\/08\/12\/regionali-sicilia-forza-italia-fdi-e-centristi-convergono-su-schifani\/","title":{"rendered":"Regionali Sicilia, Forza Italia, Fdi e centristi convergono su Schifani"},"content":{"rendered":"<div>\n<p>PALERMO (ITALPRESS) \u2013 Prende corpo la candidatura di Renato Schifani per il centrodestra alla presidenza della Regione Siciliana. Sul nome dell\u2019ex presidente del Senato convergono Forza Italia, Fratelli d\u2019Italia e centristi, mentre la Lega attende \u201cun\u2019indicazione ufficiale e definitiva degli amici di Forza Italia\u201d.<div id=\"div-gpt-ad-Messinaoggi.it-DSK-300x250-corpoart\" style=\"text-align:center;margin:0 auto;\"><\/div><\/p>\n<p>\u201cGiorgia Meloni continua a sostenere che il miglior candidato possibile \u00e8 Nello Musumeci, ma di fronte alla necessit\u00e0 di salvaguardare l\u2019unit\u00e0 del centrodestra ha accettato la proposta di Silvio Berlusconi di individuare il nome da una rosa proposta da Forza Italia \u2013 spiega all\u2019Italpress l\u2019esponente di Fdi e vicepresidente del Senato, Ignazio La Russa -. In questa rosa \u00e8 presente Renato Schifani, che dal punto di vista di Meloni \u00e8 il migliore in termini di competenza ed esperienza, nonch\u00e9 per il suo ruolo istituzionale di ex presidente del Senato che lo pone al di sopra delle beghe dei partiti. Meloni ha gi\u00e0 informato Matteo Salvini, adesso tocca alla Lega esprimersi\u201d.<div id=\"videoincontent\" style=\"clear:both\";><\/div><\/p>\n<p>\u201cAnche in Sicilia la Lega ha fatto di tutto per favorire l\u2019unit\u00e0 della coalizione, rinunciando a nomi di valore del proprio partito: dato che negli ultimi tempi sono state bruciate troppe ipotesi, a questo punto attendiamo l\u2019indicazione ufficiale e definitiva degli amici di Forza Italia\u201d, spiegano fonti della Lega.<\/p>\n<p>\u201cIl profilo politico-istituzionale di Renato Schifani non si discute. Fratelli d\u2019Italia ha dimostrato grande senso di responsabilit\u00e0 e di oculatezza nella scelta, accettando tra la rosa di candidati proposta dagli alleati quella dell\u2019esponente che potesse garantire certamente qualit\u00e0 nell\u2019azione politica e di governo, ma anche di equilibrio essendo appunto Schifani per i suoi trascorsi e per la sua storia certamente uomo delle istituzioni e personaggio politico al di sopra delle parti\u201d, ha detto all\u2019Italpress il coordinatore di Fratelli d\u2019Italia per la Sicilia Occidentale, Giampiero Cannella.<\/p>\n<p>\u201cGrande apprezzamento per la persona e per il politico Renato Schifani, uomo equilibrato e con grande senso delle istituzioni e esperienza oltre che amico da sempre\u201d, scrive su Twitter Saverio Romano, vicepresidente nazionale di Noi con l\u2019Italia.<\/p>\n<p>\u201cHo lavorato con un grande presidente che si chiama Nello Musumeci e ho lavorato politicamente perch\u00e9 Musumeci venisse confermato: se la coalizione, nella sua unit\u00e0, che noi come Udc consideriamo un valore ineludibile, individua Renato Schifani come candidato unitario del centrodestra io non posso che manifestare soddisfazione \u2013 ha detto all\u2019Italpress Toto Cordaro, assessore siciliano al Territorio e Ambiente e candidato nella lista dell\u2019Udc alle prossime elezioni regionali -. Sul profilo istituzionale e sulla storia dell\u2019ex presidente del Senato credo ci sia ben poco da dire se non che gli staremo accanto per aiutarlo in quella opera meritoria ed efficace che \u00e8 stata compiuta in questi anni dal governo Musumeci e dai suoi assessori\u201d.<\/p>\n<p>\u201cLa Dc Nuova gioca per la squadra: abbiamo sempre detto che ci saremmo adeguati a una candidatura che unisse anzich\u00e9 dividere. Il profilo di Renato Schifani per noi \u00e8 assolutamente gradito, ma \u00e8 fondamentale che la candidatura venga condivisa dall\u2019intera coalizione\u201d, dice all\u2019Italpress il commissario della Dc Nuova ed ex governatore regionale Tot\u00f2 Cuffaro, sui recenti sviluppi nella corsa a Palazzo d\u2019Orleans. Cuffaro torna poi sulle precedenti affermazioni di Gianfranco Miccich\u00e8, che paventava l\u2019ipotesi di candidature disgiunte qualora non si trovasse un accordo entro domenica 14: \u201cMi auguro non si arrivi a questo: spaccare la coalizione di centrodestra e andare a ranghi sciolti all\u2019appuntamento elettorale sarebbe un disastro. Se prevalgono i personalismi il centrodestra non ha molte possibilit\u00e0 di farcela\u201d, spiega l\u2019ex numero uno di Palazzo d\u2019Orleans.<\/p>\n<p>Per il sindaco di Palermo Roberto Lagalla \u201cle imminenti elezioni regionali impongono una rapida sintesi da parte del centrodestra per non disperdere quel patrimonio vincente che ha dato i suoi frutti nel corso delle ultime elezioni amministrative di Palermo. La proposta della candidatura del senatore Renato Schifani, gi\u00e0 presidente del Senato, gode di credibilit\u00e0 istituzionale e autorevolezza tali da poter costituire un\u2019importante proposta da parte della coalizione di centrodestra in vista del voto alle regionali\u201d.<\/p>\n<p>\u201cAutorevole la figura di Renato Schifani, che \u00e8 stato Presidente del Senato, come candidato del Centro Destra in Sicilia. Mi preoccupa piuttosto il clima in cui \u00e8 maturata questa candidatura, come sarebbe maturata qualunque altra. Un clima caratterizzato da incomprensioni e diffidenze. Ho avvisato poche ore fa che il Centro Destra stava giocando con il fuoco. Darei seguito all\u2019invito rivolto stamattina da Gianfranco Miccich\u00e8: un incontro preliminare tra lui e Fratelli D\u2019Italia e poi con tutti gli altri, che ponga fine alla conflittualit\u00e0 degli ultimi mesi e avvii una fase nuova all\u2019insegna della leale collaborazione\u201d, afferma l\u2019ex presidente della Regione Siciliana e fondatore dell\u2019Mpa, Raffaele Lombardo.<\/p>\n<p>Per Maurizio Lupi, presidente di Noi con l\u2019Italia. \u201cla candidatura di Renato Schifani a governatore della Regione Sicilia per il Centrodestra in Sicilia \u00e8 una perfetta sintesi dei valori liberali e della migliore tradizione del moderatismo in Italia, oltre che garanzia di equilibrio e di autorevolezza istituzionale\u201d.<\/p>\n<p>\u201cIn bocca al lupo a Renato Schifani. Sono certo che gli elettori siciliani sapranno premiare il suo impegno e lo sceglieranno come prossimo governatore della regione\u201d, scrive su Twitter il presidente della Liguria e di Italia al Centro, Giovanni Toti.<\/p>\n<p>(ITALPRESS).<\/p>\n<p>\u2013 foto Agenziafotogramma.it \u2013<\/p>\n<\/div>\n","protected":false},"excerpt":{"rendered":"<p>PALERMO (ITALPRESS) \u2013 Prende corpo la candidatura di Renato Schifani per il centrodestra alla presidenza della Regione Siciliana. Sul nome dell\u2019ex presidente del Senato convergono Forza Italia, Fratelli d\u2019Italia e centristi, mentre la Lega attende \u201cun\u2019indicazione ufficiale e definitiva degli amici di Forza Italia\u201d. \u201cGiorgia Meloni continua a sostenere che il miglior candidato possibile \u00e8 [&hellip;]<\/p>\n","protected":false},"author":18,"featured_media":117843,"comment_status":"closed","ping_status":"closed","sticky":false,"template":"","format":"standard","meta":{"ub_ctt_via":"","_mi_skip_tracking":false},"categories":[2449],"tags":[783],"featured_image_src":"https:\/\/www.messinaoggi.it\/website\/wp-content\/uploads\/2022\/08\/20220811_1477-1.jpg","author_info":{"display_name":"Admin","author_link":"https:\/\/www.messinaoggi.it\/website\/author\/admin\/"},"digistream_id":0,"digistream":false,"_links":{"self":[{"href":"https:\/\/www.messinaoggi.it\/website\/wp-json\/wp\/v2\/posts\/117842"}],"collection":[{"href":"https:\/\/www.messinaoggi.it\/website\/wp-json\/wp\/v2\/posts"}],"about":[{"href":"https:\/\/www.messinaoggi.it\/website\/wp-json\/wp\/v2\/types\/post"}],"author":[{"embeddable":true,"href":"https:\/\/www.messinaoggi.it\/website\/wp-json\/wp\/v2\/users\/18"}],"replies":[{"embeddable":true,"href":"https:\/\/www.messinaoggi.it\/website\/wp-json\/wp\/v2\/comments?post=117842"}],"version-history":[{"count":0,"href":"https:\/\/www.messinaoggi.it\/website\/wp-json\/wp\/v2\/posts\/117842\/revisions"}],"wp:featuredmedia":[{"embeddable":true,"href":"https:\/\/www.messinaoggi.it\/website\/wp-json\/wp\/v2\/media\/117843"}],"wp:attachment":[{"href":"https:\/\/www.messinaoggi.it\/website\/wp-json\/wp\/v2\/media?parent=117842"}],"wp:term":[{"taxonomy":"category","embeddable":true,"href":"https:\/\/www.messinaoggi.it\/website\/wp-json\/wp\/v2\/categories?post=117842"},{"taxonomy":"post_tag","embeddable":true,"href":"https:\/\/www.messinaoggi.it\/website\/wp-json\/wp\/v2\/tags?post=117842"}],"curies":[{"name":"wp","href":"https:\/\/api.w.org\/{rel}","templated":true}]}}