{"id":11782,"date":"2017-11-22T14:42:13","date_gmt":"2017-11-22T13:42:13","guid":{"rendered":"http:\/\/www.messinaoggi.it\/website\/?p=11782"},"modified":"2017-11-22T14:42:13","modified_gmt":"2017-11-22T13:42:13","slug":"disabili-gravi-carreri-sindaco-si-scusi-e-ripristini-assistenza-domiciliare-senza-compartecipazione","status":"publish","type":"post","link":"https:\/\/www.messinaoggi.it\/website\/2017\/11\/22\/disabili-gravi-carreri-sindaco-si-scusi-e-ripristini-assistenza-domiciliare-senza-compartecipazione\/","title":{"rendered":"Disabili gravi, Carreri: Sindaco si scusi e ripristini assistenza domiciliare senza compartecipazione"},"content":{"rendered":"<p style=\"text-align: justify\">&#8220;Ancora una volta dalla parte degli ultimi&#8230; ma solo a parole, i fatti dicono che quest&#8217;Amministrazione continua a vessare i deboli con azioni che altrove sarebbero state bollate come reazionarie e prive di umanit\u00e0. Chiediamo ufficialmente al Sindaco di chiedere scusa a coloro che si sono visti privati, prima di un servizio indispensabile e successivamente &#8220;intimiditi&#8221; con la richiesta di compartecipazione retroattiva ai costi del servizio&#8221;.<div id=\"div-gpt-ad-Messinaoggi.it-DSK-300x250-corpoart\" style=\"text-align:center;margin:0 auto;\"><\/div><\/p>\n<p style=\"text-align: justify\">Il capogruppo di Sicilia Futura, Nino Carreri, interroga il Primo Cittadino Accorinti per sapere quali iniziative intenda intraprendere per verificare quanto accaduto e ripristinare il servizio di assistenza domiciliare ai disabili gravi ed annullare le richieste di compartecipazione retroattive, anche alla luce della sentenza dell\u20198 Settembre 2016 del Tar Lombardia.<div id=\"videoincontent\" style=\"clear:both\";><\/div><\/p>\n<p style=\"text-align: justify\">Il consigliere Carreri chiede inoltre se il Sindaco non intenda fornire alla platea degli utenti disabili gravi, categoria annoverata tra \u201cgli ultimi\u201d, unitamente alle scuse, ogni informazione in merito alla ripresa delle attivit\u00e0.<\/p>\n<p style=\"text-align: justify\">In data 13.11.2017 l\u2019Autorit\u00e0 Garante per i diritti delle persone disabili della Regione Siciliana \u00e8 intervenuta per segnalare al Presidente della Regione Sicilia ed all\u2019Assessorato Regionale alla Famiglia, alcune delle iniziative portate avanti dall\u2019Amministrazione peloritana, finalizzate alla INTERRUZIONE DEL SERVIZIO DI ASSISTENZA DOMICILIARE A DISABILI GRAVI E GRAVISSIMI \u2013 si legge nell\u2019interrogazione.<\/p>\n<p style=\"text-align: justify\">La stessa Autorit\u00e0 Garante, precisa che il Comune di Messina \u00e8 il terzo comune siciliano per popolazione e che per una manifesta illogicit\u00e0 e per una erronea applicazione dei regolamenti degli enti locali sul tema della compartecipazione (in presenza di un vuoto normativo regionale che si trascina da anni) rischia di diventare l\u2019unico comune in Sicilia a tagliare un cos\u00ec importante servizio.<\/p>\n<p style=\"text-align: justify\">L\u2019Assessorato Regionale alla Famiglia ed alle Politiche Sociali ha istituito un tavolo tecnico con D.A. n\u00b014 proprio per colmare il vuoto normativo.<\/p>\n<p style=\"text-align: justify\">E\u2019 inaccettabile che la ripresa del servizio sia subordinata al pagamento di spettanze arretrate di compartecipazione basati per altro su calcoli non sorretti da alcun fondamento giuridico.<\/p>\n<p style=\"text-align: justify\">Su tutto il territorio regionale tale servizio \u00e8 giustamente e regolarmente reso nelle more di un riordino normativo regionale.<\/p>\n","protected":false},"excerpt":{"rendered":"<p>&#8220;Ancora una volta dalla parte degli ultimi&#8230; ma solo a parole, i fatti dicono che quest&#8217;Amministrazione continua a vessare i deboli con azioni che altrove sarebbero state bollate come reazionarie e prive di umanit\u00e0. Chiediamo ufficialmente al Sindaco di chiedere scusa a coloro che si sono visti privati, prima di un servizio indispensabile e successivamente [&hellip;]<\/p>\n","protected":false},"author":7,"featured_media":1642,"comment_status":"closed","ping_status":"open","sticky":false,"template":"","format":"standard","meta":{"ub_ctt_via":"","_mi_skip_tracking":false},"categories":[4],"tags":[],"featured_image_src":"https:\/\/www.messinaoggi.it\/website\/wp-content\/uploads\/2017\/06\/Carreri-Nino-2.jpg","author_info":{"display_name":"Redazione1","author_link":"https:\/\/www.messinaoggi.it\/website\/author\/redazione1\/"},"digistream_id":0,"digistream":false,"_links":{"self":[{"href":"https:\/\/www.messinaoggi.it\/website\/wp-json\/wp\/v2\/posts\/11782"}],"collection":[{"href":"https:\/\/www.messinaoggi.it\/website\/wp-json\/wp\/v2\/posts"}],"about":[{"href":"https:\/\/www.messinaoggi.it\/website\/wp-json\/wp\/v2\/types\/post"}],"author":[{"embeddable":true,"href":"https:\/\/www.messinaoggi.it\/website\/wp-json\/wp\/v2\/users\/7"}],"replies":[{"embeddable":true,"href":"https:\/\/www.messinaoggi.it\/website\/wp-json\/wp\/v2\/comments?post=11782"}],"version-history":[{"count":0,"href":"https:\/\/www.messinaoggi.it\/website\/wp-json\/wp\/v2\/posts\/11782\/revisions"}],"wp:featuredmedia":[{"embeddable":true,"href":"https:\/\/www.messinaoggi.it\/website\/wp-json\/wp\/v2\/media\/1642"}],"wp:attachment":[{"href":"https:\/\/www.messinaoggi.it\/website\/wp-json\/wp\/v2\/media?parent=11782"}],"wp:term":[{"taxonomy":"category","embeddable":true,"href":"https:\/\/www.messinaoggi.it\/website\/wp-json\/wp\/v2\/categories?post=11782"},{"taxonomy":"post_tag","embeddable":true,"href":"https:\/\/www.messinaoggi.it\/website\/wp-json\/wp\/v2\/tags?post=11782"}],"curies":[{"name":"wp","href":"https:\/\/api.w.org\/{rel}","templated":true}]}}