{"id":117774,"date":"2022-08-12T14:17:57","date_gmt":"2022-08-12T12:17:57","guid":{"rendered":"https:\/\/www.messinaoggi.it\/website\/2022\/08\/12\/regionali-sicilia-da-forza-italia-rosa-di-nomi-fdi-converge-su-schifani\/"},"modified":"2022-08-12T14:17:57","modified_gmt":"2022-08-12T12:17:57","slug":"regionali-sicilia-da-forza-italia-rosa-di-nomi-fdi-converge-su-schifani","status":"publish","type":"post","link":"https:\/\/www.messinaoggi.it\/website\/2022\/08\/12\/regionali-sicilia-da-forza-italia-rosa-di-nomi-fdi-converge-su-schifani\/","title":{"rendered":"Regionali Sicilia, da Forza Italia rosa di nomi, Fdi converge su Schifani"},"content":{"rendered":"<div>\n<p>PALERMO (ITALPRESS) \u2013 Prende corpo la candidatura di Renato Schifani per il centrodestra alla presidenza della Regione Siciliana. Sul nome dell\u2019ex presidente del Senato convergono Forza Italia e Fratelli d\u2019Italia, si attende il parere della Lega.<div id=\"div-gpt-ad-Messinaoggi.it-DSK-300x250-corpoart\" style=\"text-align:center;margin:0 auto;\"><\/div><\/p>\n<p>\u201cGiorgia Meloni continua a sostenere che il miglior candidato possibile \u00e8 Nello Musumeci, ma di fronte alla necessit\u00e0 di salvaguardare l\u2019unit\u00e0 del centrodestra ha accettato la proposta di Silvio Berlusconi di individuare il nome da una rosa proposta da Forza Italia \u2013 spiega all\u2019Italpress l\u2019esponente di Fdi e vicepresidente del Senato, Ignazio La Russa -. In questa rosa \u00e8 presente Renato Schifani, che dal punto di vista di Meloni \u00e8 il migliore in termini di competenza ed esperienza, nonch\u00e9 per il suo ruolo istituzionale di ex presidente del Senato che lo pone al di sopra delle beghe dei partiti. Meloni ha gi\u00e0 informato Matteo Salvini, adesso tocca alla Lega esprimersi\u201d.<div id=\"videoincontent\" style=\"clear:both\";><\/div><\/p>\n<p>(ITALPRESS).<\/p>\n<p>\u2013 foto Agenziafotogramma.it \u2013<\/p>\n<\/div>\n","protected":false},"excerpt":{"rendered":"<p>PALERMO (ITALPRESS) \u2013 Prende corpo la candidatura di Renato Schifani per il centrodestra alla presidenza della Regione Siciliana. Sul nome dell\u2019ex presidente del Senato convergono Forza Italia e Fratelli d\u2019Italia, si attende il parere della Lega. \u201cGiorgia Meloni continua a sostenere che il miglior candidato possibile \u00e8 Nello Musumeci, ma di fronte alla necessit\u00e0 di [&hellip;]<\/p>\n","protected":false},"author":18,"featured_media":117775,"comment_status":"closed","ping_status":"closed","sticky":false,"template":"","format":"standard","meta":{"ub_ctt_via":"","_mi_skip_tracking":false},"categories":[2449],"tags":[783],"featured_image_src":"https:\/\/www.messinaoggi.it\/website\/wp-content\/uploads\/2022\/08\/Agenzia_Fotogramma_Renato-Schifani-220812.jpg","author_info":{"display_name":"Admin","author_link":"https:\/\/www.messinaoggi.it\/website\/author\/admin\/"},"digistream_id":0,"digistream":false,"_links":{"self":[{"href":"https:\/\/www.messinaoggi.it\/website\/wp-json\/wp\/v2\/posts\/117774"}],"collection":[{"href":"https:\/\/www.messinaoggi.it\/website\/wp-json\/wp\/v2\/posts"}],"about":[{"href":"https:\/\/www.messinaoggi.it\/website\/wp-json\/wp\/v2\/types\/post"}],"author":[{"embeddable":true,"href":"https:\/\/www.messinaoggi.it\/website\/wp-json\/wp\/v2\/users\/18"}],"replies":[{"embeddable":true,"href":"https:\/\/www.messinaoggi.it\/website\/wp-json\/wp\/v2\/comments?post=117774"}],"version-history":[{"count":0,"href":"https:\/\/www.messinaoggi.it\/website\/wp-json\/wp\/v2\/posts\/117774\/revisions"}],"wp:featuredmedia":[{"embeddable":true,"href":"https:\/\/www.messinaoggi.it\/website\/wp-json\/wp\/v2\/media\/117775"}],"wp:attachment":[{"href":"https:\/\/www.messinaoggi.it\/website\/wp-json\/wp\/v2\/media?parent=117774"}],"wp:term":[{"taxonomy":"category","embeddable":true,"href":"https:\/\/www.messinaoggi.it\/website\/wp-json\/wp\/v2\/categories?post=117774"},{"taxonomy":"post_tag","embeddable":true,"href":"https:\/\/www.messinaoggi.it\/website\/wp-json\/wp\/v2\/tags?post=117774"}],"curies":[{"name":"wp","href":"https:\/\/api.w.org\/{rel}","templated":true}]}}