{"id":117767,"date":"2022-08-12T13:47:51","date_gmt":"2022-08-12T11:47:51","guid":{"rendered":"https:\/\/www.messinaoggi.it\/website\/2022\/08\/12\/regionali-mannino-centrodestra-valuti-profilo-di-centro-per-il-candidato-in-sicilia\/"},"modified":"2022-08-12T13:47:51","modified_gmt":"2022-08-12T11:47:51","slug":"regionali-mannino-centrodestra-valuti-profilo-di-centro-per-il-candidato-in-sicilia","status":"publish","type":"post","link":"https:\/\/www.messinaoggi.it\/website\/2022\/08\/12\/regionali-mannino-centrodestra-valuti-profilo-di-centro-per-il-candidato-in-sicilia\/","title":{"rendered":"Regionali, Mannino \u201cCentrodestra valuti profilo di centro per il candidato in Sicilia\u201d"},"content":{"rendered":"<div>\n<p>PALERMO (ITALPRESS) \u2013 \u201cI nomi fatti dal centrodestra per la presidenza della Regione sono tutti ineccepibili e indiscutibili, ma non comprendo perch\u00e8 non vengano presi in considerazione anche profili provenienti dal centro, n\u00e8 perch\u00e8 candidati e programmi vengano annunciati direttamente da Roma\u201d. L\u2019ex ministro Calogero Mannino, risponde cos\u00ec all\u2019Italpress in merito alla scelta dei candidati a Palazzo d\u2019Orleans da parte del centrodestra. \u201cCi sono nodi da sciogliere rapidamente, a partire dal ruolo decisionale di Giulio Tremonti, che da ministro del Tesoro fu molto critico nei confronti della Sicilia\u201d, aggiunge Mannino, che sull\u2019esito dell\u2019appuntamento elettorale preferisce non sbilanciarsi: \u201cE\u2019 evidente che il centrodestra parta favorito, ma attenzione ai temi della campagna: la Sicilia si presenta con un carico negativo di problemi aperti, a partire dalla finanza pubblica, e in un clima del genere l\u2019elettore ha molto a cuore questi argomenti\u201d, spiega l\u2019ex ministro.<br \/>\u201cQuello dell\u2019autonomia regionale differenziata \u00e8 un tema centrale per il centrodestra, ma in Sicilia non pu\u00f2 funzionare come nelle altre regioni: il carico di problemi del sud \u00e8 molto diverso rispetto al nord\u201d, sottolinea l\u2019ex ministro Lillo Mannino. \u201cL\u2019errore che non deve commettere il centrodestra \u00e8 esprimere un candidato alla presidenza che vada a reggere la coda ai presidenti delle Regioni del nord, tra i quali metto dentro anche Stefano Bonaccini \u2013 prosegue Mannino -. Chiunque venga scelto dovr\u00e0 esprimere sull\u2019autonomia differenziata una linea politica distinta da quella del centrodestra nazionale. La Sicilia deve reagire alla pretesa delle regioni del nord di farsi una finanza regionale separata dal resto d\u2019Italia\u201d.<br \/>credit photo agenziafotogramma.it <br \/>(ITALPRESS).<div id=\"div-gpt-ad-Messinaoggi.it-DSK-300x250-corpoart\" style=\"text-align:center;margin:0 auto;\"><\/div><\/p>\n<\/div>\n<div id=\"videoincontent\" style=\"clear:both\";><\/div>","protected":false},"excerpt":{"rendered":"<p>PALERMO (ITALPRESS) \u2013 \u201cI nomi fatti dal centrodestra per la presidenza della Regione sono tutti ineccepibili e indiscutibili, ma non comprendo perch\u00e8 non vengano presi in considerazione anche profili provenienti dal centro, n\u00e8 perch\u00e8 candidati e programmi vengano annunciati direttamente da Roma\u201d. L\u2019ex ministro Calogero Mannino, risponde cos\u00ec all\u2019Italpress in merito alla scelta dei candidati [&hellip;]<\/p>\n","protected":false},"author":18,"featured_media":117768,"comment_status":"closed","ping_status":"closed","sticky":false,"template":"","format":"standard","meta":{"ub_ctt_via":"","_mi_skip_tracking":false},"categories":[2449],"tags":[783],"featured_image_src":"https:\/\/www.messinaoggi.it\/website\/wp-content\/uploads\/2022\/08\/20220812_0577.jpg","author_info":{"display_name":"Admin","author_link":"https:\/\/www.messinaoggi.it\/website\/author\/admin\/"},"digistream_id":0,"digistream":false,"_links":{"self":[{"href":"https:\/\/www.messinaoggi.it\/website\/wp-json\/wp\/v2\/posts\/117767"}],"collection":[{"href":"https:\/\/www.messinaoggi.it\/website\/wp-json\/wp\/v2\/posts"}],"about":[{"href":"https:\/\/www.messinaoggi.it\/website\/wp-json\/wp\/v2\/types\/post"}],"author":[{"embeddable":true,"href":"https:\/\/www.messinaoggi.it\/website\/wp-json\/wp\/v2\/users\/18"}],"replies":[{"embeddable":true,"href":"https:\/\/www.messinaoggi.it\/website\/wp-json\/wp\/v2\/comments?post=117767"}],"version-history":[{"count":0,"href":"https:\/\/www.messinaoggi.it\/website\/wp-json\/wp\/v2\/posts\/117767\/revisions"}],"wp:featuredmedia":[{"embeddable":true,"href":"https:\/\/www.messinaoggi.it\/website\/wp-json\/wp\/v2\/media\/117768"}],"wp:attachment":[{"href":"https:\/\/www.messinaoggi.it\/website\/wp-json\/wp\/v2\/media?parent=117767"}],"wp:term":[{"taxonomy":"category","embeddable":true,"href":"https:\/\/www.messinaoggi.it\/website\/wp-json\/wp\/v2\/categories?post=117767"},{"taxonomy":"post_tag","embeddable":true,"href":"https:\/\/www.messinaoggi.it\/website\/wp-json\/wp\/v2\/tags?post=117767"}],"curies":[{"name":"wp","href":"https:\/\/api.w.org\/{rel}","templated":true}]}}