{"id":117617,"date":"2022-08-11T13:02:50","date_gmt":"2022-08-11T11:02:50","guid":{"rendered":"https:\/\/www.messinaoggi.it\/website\/2022\/08\/11\/minardo-non-sono-disponibile-ma-la-lega-ha-una-propria-proposta-di-candidatura-per-la-sicilia\/"},"modified":"2022-08-11T13:02:50","modified_gmt":"2022-08-11T11:02:50","slug":"minardo-non-sono-disponibile-ma-la-lega-ha-una-propria-proposta-di-candidatura-per-la-sicilia","status":"publish","type":"post","link":"https:\/\/www.messinaoggi.it\/website\/2022\/08\/11\/minardo-non-sono-disponibile-ma-la-lega-ha-una-propria-proposta-di-candidatura-per-la-sicilia\/","title":{"rendered":"Minardo \u201cNon sono disponibile ma la Lega ha una propria proposta di candidatura per la Sicilia\u201d"},"content":{"rendered":"<div>\n<p>PALERMO (ITALPRESS) \u2013 \u201cL\u2019ho gi\u00e0 detto e lo ripeto, ho gi\u00e0 deciso di tornare a correre per il Parlamento nazionale ma siamo ovviamente prontissimi ad offrire alla coalizione la nostra proposta di candidatura\u201d. Cos\u00ec all\u2019Italpress, il segretario della Lega in Sicilia, Nino Minardo, ribadendo che non c\u2019\u00e8 pi\u00f9 la sua disponibilit\u00e0 ad essere candidato alla Presidenza della Regione siciliana. <br \/>\u201cLa Lega Sicilia-Prima l\u2019Italia \u00e8 pronta ed \u00e8 l\u2019unico partito che ha dimostrato di volere chiudere in fretta favorendo responsabilmente la sintesi\u201d, sottolinea Minardo, dopo che FdI ha stoppato la candidatura di Stefania Prestigiacomo alla Presidenza della Regione siciliana. La Lega, prima dell\u2019intesa con Forza Italia su Prestigiacomo, al tavolo regionale di coalizione aveva avanzato i nomi di Nino Minardo o di Alessandro Pagano. <br \/>\u201cMa andiamo alle cose serie e lasciamo ad altri il dibattito sui nomi che non mi ha mai appassionato. La Lega Sicilia-Prima l\u2019Italia \u2013 aggiunge Minardo \u2013 ha le liste pronte e stiamo riscontrando in queste ore numerose nuove adesioni di importanti pezzi di classe dirigente, militanti, professionisti, imprenditori\u201d. \u201cNoi \u2013 prosegue Minardo \u2013 siamo pronti e lavoriamo affinch\u00e8 anche nel programma nazionale del centrodestra vengano inserite delle priorit\u00e0 per la nostra regione, prime fra tutti il Ponte sullo Stretto e i termovalorizzatori per risolvere l\u2019annoso problema dei rifiuti che potranno finalmente diventare risorsa e non pi\u00f9 costo. Di questo e tanto altro vorremmo parlare ai siciliani e spero che i nostri alleati facciano presto chiarezza e favoriscano la sintesi attorno ad una proposta unitaria per la Presidenza della Regione\u201d, conclude Minardo.<br \/>foto ufficio stampa Lega<br \/>(ITALPRESS).<div id=\"div-gpt-ad-Messinaoggi.it-DSK-300x250-corpoart\" style=\"text-align:center;margin:0 auto;\"><\/div><\/p>\n<\/div>\n<div id=\"videoincontent\" style=\"clear:both\";><\/div>","protected":false},"excerpt":{"rendered":"<p>PALERMO (ITALPRESS) \u2013 \u201cL\u2019ho gi\u00e0 detto e lo ripeto, ho gi\u00e0 deciso di tornare a correre per il Parlamento nazionale ma siamo ovviamente prontissimi ad offrire alla coalizione la nostra proposta di candidatura\u201d. Cos\u00ec all\u2019Italpress, il segretario della Lega in Sicilia, Nino Minardo, ribadendo che non c\u2019\u00e8 pi\u00f9 la sua disponibilit\u00e0 ad essere candidato alla [&hellip;]<\/p>\n","protected":false},"author":18,"featured_media":117618,"comment_status":"closed","ping_status":"closed","sticky":false,"template":"","format":"standard","meta":{"ub_ctt_via":"","_mi_skip_tracking":false},"categories":[2449],"tags":[783],"featured_image_src":"https:\/\/www.messinaoggi.it\/website\/wp-content\/uploads\/2022\/08\/20220811_0465.jpg","author_info":{"display_name":"Admin","author_link":"https:\/\/www.messinaoggi.it\/website\/author\/admin\/"},"digistream_id":0,"digistream":false,"_links":{"self":[{"href":"https:\/\/www.messinaoggi.it\/website\/wp-json\/wp\/v2\/posts\/117617"}],"collection":[{"href":"https:\/\/www.messinaoggi.it\/website\/wp-json\/wp\/v2\/posts"}],"about":[{"href":"https:\/\/www.messinaoggi.it\/website\/wp-json\/wp\/v2\/types\/post"}],"author":[{"embeddable":true,"href":"https:\/\/www.messinaoggi.it\/website\/wp-json\/wp\/v2\/users\/18"}],"replies":[{"embeddable":true,"href":"https:\/\/www.messinaoggi.it\/website\/wp-json\/wp\/v2\/comments?post=117617"}],"version-history":[{"count":0,"href":"https:\/\/www.messinaoggi.it\/website\/wp-json\/wp\/v2\/posts\/117617\/revisions"}],"wp:featuredmedia":[{"embeddable":true,"href":"https:\/\/www.messinaoggi.it\/website\/wp-json\/wp\/v2\/media\/117618"}],"wp:attachment":[{"href":"https:\/\/www.messinaoggi.it\/website\/wp-json\/wp\/v2\/media?parent=117617"}],"wp:term":[{"taxonomy":"category","embeddable":true,"href":"https:\/\/www.messinaoggi.it\/website\/wp-json\/wp\/v2\/categories?post=117617"},{"taxonomy":"post_tag","embeddable":true,"href":"https:\/\/www.messinaoggi.it\/website\/wp-json\/wp\/v2\/tags?post=117617"}],"curies":[{"name":"wp","href":"https:\/\/api.w.org\/{rel}","templated":true}]}}