{"id":117523,"date":"2022-08-10T17:26:40","date_gmt":"2022-08-10T15:26:40","guid":{"rendered":"http:\/\/www.messinaoggi.it\/website\/?p=117523"},"modified":"2022-08-10T17:26:45","modified_gmt":"2022-08-10T15:26:45","slug":"lutto-e-morto-franco-lavigna","status":"publish","type":"post","link":"https:\/\/www.messinaoggi.it\/website\/2022\/08\/10\/lutto-e-morto-franco-lavigna\/","title":{"rendered":"Lutto, \u00e8 morto Franco Lavigna"},"content":{"rendered":"\n<p>Si \u00e8 spento al Policlinico dov\u2019era ricoverato per le complicanze del Covid, il cantastorie messinese Franco Lavigna.<div id=\"div-gpt-ad-Messinaoggi.it-DSK-300x250-corpoart\" style=\"text-align:center;margin:0 auto;\"><\/div><\/p>\n\n\n\n<p>Aveva 79 anni e da tempo si era ritirato a Castanea dove viveva con la moglie.<div id=\"videoincontent\" style=\"clear:both\";><\/div><\/p>\n\n\n\n<p>Cordoglio \u00e8 stato espresso da pi\u00f9 parti per la scomparsa di un artista noto in citt\u00e0.<\/p>\n","protected":false},"excerpt":{"rendered":"<p>Si \u00e8 spento al Policlinico dov\u2019era ricoverato per le complicanze del Covid, il cantastorie messinese Franco Lavigna. Aveva 79 anni e da tempo si era ritirato a Castanea dove viveva con la moglie. Cordoglio \u00e8 stato espresso da pi\u00f9 parti per la scomparsa di un artista noto in citt\u00e0.<\/p>\n","protected":false},"author":2,"featured_media":117524,"comment_status":"open","ping_status":"open","sticky":false,"template":"","format":"standard","meta":{"ub_ctt_via":"","_mi_skip_tracking":false},"categories":[5],"tags":[4926,3031],"featured_image_src":"https:\/\/www.messinaoggi.it\/website\/wp-content\/uploads\/2022\/08\/4E000B27-2E7B-40EE-B74B-CAE509BA89BB.jpeg","author_info":{"display_name":"Redazione","author_link":"https:\/\/www.messinaoggi.it\/website\/author\/redazione\/"},"digistream_id":0,"digistream":false,"_links":{"self":[{"href":"https:\/\/www.messinaoggi.it\/website\/wp-json\/wp\/v2\/posts\/117523"}],"collection":[{"href":"https:\/\/www.messinaoggi.it\/website\/wp-json\/wp\/v2\/posts"}],"about":[{"href":"https:\/\/www.messinaoggi.it\/website\/wp-json\/wp\/v2\/types\/post"}],"author":[{"embeddable":true,"href":"https:\/\/www.messinaoggi.it\/website\/wp-json\/wp\/v2\/users\/2"}],"replies":[{"embeddable":true,"href":"https:\/\/www.messinaoggi.it\/website\/wp-json\/wp\/v2\/comments?post=117523"}],"version-history":[{"count":1,"href":"https:\/\/www.messinaoggi.it\/website\/wp-json\/wp\/v2\/posts\/117523\/revisions"}],"predecessor-version":[{"id":117525,"href":"https:\/\/www.messinaoggi.it\/website\/wp-json\/wp\/v2\/posts\/117523\/revisions\/117525"}],"wp:featuredmedia":[{"embeddable":true,"href":"https:\/\/www.messinaoggi.it\/website\/wp-json\/wp\/v2\/media\/117524"}],"wp:attachment":[{"href":"https:\/\/www.messinaoggi.it\/website\/wp-json\/wp\/v2\/media?parent=117523"}],"wp:term":[{"taxonomy":"category","embeddable":true,"href":"https:\/\/www.messinaoggi.it\/website\/wp-json\/wp\/v2\/categories?post=117523"},{"taxonomy":"post_tag","embeddable":true,"href":"https:\/\/www.messinaoggi.it\/website\/wp-json\/wp\/v2\/tags?post=117523"}],"curies":[{"name":"wp","href":"https:\/\/api.w.org\/{rel}","templated":true}]}}