{"id":117490,"date":"2022-08-10T13:23:08","date_gmt":"2022-08-10T11:23:08","guid":{"rendered":"http:\/\/www.messinaoggi.it\/website\/?p=117490"},"modified":"2022-08-10T13:23:10","modified_gmt":"2022-08-10T11:23:10","slug":"nasce-lassociazione-universitaria-controcorrente","status":"publish","type":"post","link":"https:\/\/www.messinaoggi.it\/website\/2022\/08\/10\/nasce-lassociazione-universitaria-controcorrente\/","title":{"rendered":"Nasce l&#8217;associazione universitaria Controcorrente"},"content":{"rendered":"\n<p>\u00c8 stata fondata l\u2019associazione socioculturale Controcorrente.<br>L\u2019associazione nasce dai vecchi membri di Credito Accademico, con l\u2019obiettivo principale di rinnovarsi ed ampliare i suoi orizzonti. Di fatti non si muover\u00e0 pi\u00f9 solamente all\u2019interno del mondo universitario, ma si impegner\u00e0 anche nello sviluppo del territorio e nella promozione di attivit\u00e0 a sfondo culturale, ambientale, sportivo e artistico. \u201cIl nome scelto simboleggia il cambiamento in tutte le sue sfumature: Controcorrente infatti simboleggia le correnti dello stretto di Messina ed il nostro spirito di cambiamento volto a mutare ci\u00f2 che ci circonda.\u201d<div id=\"div-gpt-ad-Messinaoggi.it-DSK-300x250-corpoart\" style=\"text-align:center;margin:0 auto;\"><\/div><\/p>\n\n\n\n<p>Tra i membri, tanti degli attuali rappresentanti nei consigli di dipartimento dell\u2019ateneo e uno dei senatori accademici. Un gruppo, quindi, che vanta persone d\u2019esperienza e giovani matricole. Tra i fondatori troviamo due studenti che da anni lottano per i diritti di questi ultimi. Danilo Curr\u00f2 (Senatore Accademico) e Giuseppe Fernandez (Presidente dell\u2019associazione), che dichiarano: \u201cCrediamo in un\u2019universit\u00e0 a misura di studente, che lo metta davvero nella condizione di vivere con serenit\u00e0 e senza pressioni il proprio percorso di studi, che non debba avere come unico obiettivo la laurea, ma una vera e propria crescita personale. Proprio per questo la nostra associazione oltre che confrontarsi con l\u2019amministrazione universitaria, sar\u00e0 un punto di aggregazione e condivisione di idee, che permetter\u00e0 al singolo studente di sentirsi parte di una comunit\u00e0\u201d.<div id=\"videoincontent\" style=\"clear:both\";><\/div><\/p>\n\n\n\n<p>Del consiglio direttivo ne faranno parte: Pietro Manganaro (vicepresidente), Angelica Sparacino (segretaria), Andrea Sciarrone (coordinatore), Anna Bellomia e Noemi Colloca (Social Manager), Camilla Kidarame (tesoriera) e Jeanine Coppola (consigliera).<\/p>\n\n\n\n<p>Controcorrente inizier\u00e0 da Settembre, periodo di inizio lezioni, con la propria campagna tesseramenti e la sua presentazione ufficiale al mondo studentesco.<\/p>\n","protected":false},"excerpt":{"rendered":"<p>\u00c8 stata fondata l\u2019associazione socioculturale Controcorrente.L\u2019associazione nasce dai vecchi membri di Credito Accademico, con l\u2019obiettivo principale di rinnovarsi ed ampliare i suoi orizzonti. Di fatti non si muover\u00e0 pi\u00f9 solamente all\u2019interno del mondo universitario, ma si impegner\u00e0 anche nello sviluppo del territorio e nella promozione di attivit\u00e0 a sfondo culturale, ambientale, sportivo e artistico. \u201cIl [&hellip;]<\/p>\n","protected":false},"author":8,"featured_media":117493,"comment_status":"open","ping_status":"open","sticky":false,"template":"","format":"standard","meta":{"ub_ctt_via":"","_mi_skip_tracking":false},"categories":[7],"tags":[4925],"featured_image_src":"https:\/\/www.messinaoggi.it\/website\/wp-content\/uploads\/2022\/08\/b39afaa2-9aba-433f-af1f-cd8eaa4940e4-1.jpg","author_info":{"display_name":"red..me","author_link":"https:\/\/www.messinaoggi.it\/website\/author\/redstage\/"},"digistream_id":0,"digistream":false,"_links":{"self":[{"href":"https:\/\/www.messinaoggi.it\/website\/wp-json\/wp\/v2\/posts\/117490"}],"collection":[{"href":"https:\/\/www.messinaoggi.it\/website\/wp-json\/wp\/v2\/posts"}],"about":[{"href":"https:\/\/www.messinaoggi.it\/website\/wp-json\/wp\/v2\/types\/post"}],"author":[{"embeddable":true,"href":"https:\/\/www.messinaoggi.it\/website\/wp-json\/wp\/v2\/users\/8"}],"replies":[{"embeddable":true,"href":"https:\/\/www.messinaoggi.it\/website\/wp-json\/wp\/v2\/comments?post=117490"}],"version-history":[{"count":1,"href":"https:\/\/www.messinaoggi.it\/website\/wp-json\/wp\/v2\/posts\/117490\/revisions"}],"predecessor-version":[{"id":117494,"href":"https:\/\/www.messinaoggi.it\/website\/wp-json\/wp\/v2\/posts\/117490\/revisions\/117494"}],"wp:featuredmedia":[{"embeddable":true,"href":"https:\/\/www.messinaoggi.it\/website\/wp-json\/wp\/v2\/media\/117493"}],"wp:attachment":[{"href":"https:\/\/www.messinaoggi.it\/website\/wp-json\/wp\/v2\/media?parent=117490"}],"wp:term":[{"taxonomy":"category","embeddable":true,"href":"https:\/\/www.messinaoggi.it\/website\/wp-json\/wp\/v2\/categories?post=117490"},{"taxonomy":"post_tag","embeddable":true,"href":"https:\/\/www.messinaoggi.it\/website\/wp-json\/wp\/v2\/tags?post=117490"}],"curies":[{"name":"wp","href":"https:\/\/api.w.org\/{rel}","templated":true}]}}