{"id":117462,"date":"2022-08-10T11:07:52","date_gmt":"2022-08-10T09:07:52","guid":{"rendered":"https:\/\/www.messinaoggi.it\/website\/2022\/08\/10\/lukaku-ho-trovato-uninter-piu-forte\/"},"modified":"2022-08-10T13:14:12","modified_gmt":"2022-08-10T11:14:12","slug":"lukaku-ho-trovato-uninter-piu-forte","status":"publish","type":"post","link":"https:\/\/www.messinaoggi.it\/website\/2022\/08\/10\/lukaku-ho-trovato-uninter-piu-forte\/","title":{"rendered":"Lukaku \u201cHo trovato un\u2019Inter pi\u00f9 forte\u201d"},"content":{"rendered":"<div>ROMA (ITALPRESS) &#8211; &#8220;Tutti i giocatori hanno fatto una crescita importante. Brozovic \u00e8 diventato pi\u00f9 leader e pi\u00f9 aperto nella comunicazione: lui non parla tanto, si lamenta molto, ma mi piace. Barella \u00e8 ancora pi\u00f9 protagonista a centrocampo, ha fatto tanti assist l&#8217;anno scorso e penso che aver vinto tutti questi trofei con l&#8217;Italia e con la squadra gli abbia dato ancora uno stimoli in pi\u00f9&#8221;. Queste le parole di Romelu Lukaku nella sua prima intervista esclusiva per DAZN Heroes, nuovissima raccolta di storie e incontri inediti con i grandi personaggi del campionato italiano di Serie A TIM. &#8220;Il mio ritorno? Non me l&#8217;hanno &#8216;fatta pagar\u00e8, ho dovuto cantare e pagare alla cena di squadra&#8221;, racconta l&#8217;attaccante nerazzurro nel nuovo contenuto &#8220;Lukaku Pensiero Scudetto&#8221;, disponibile in esclusiva su DAZN, nella sezione dedicata DAZN Heroes, soffermandosi poi sul rapporto con Lautaro. &#8220;Ci siamo sentiti molto, prima su Instagram e poi su WhatsApp. Quando l&#8217;ho incontrato gli ho detto che deve fare di pi\u00f9 e appena ci siamo visti ci siamo detti che dobbiamo fare meglio, perch\u00e8 anche le altre squadre sono forti. Le sue qualit\u00e0 possono aiutare me, ma anche le mie possono aiutare lui. Non siamo attaccanti egoisti davanti alla porta, io so quando \u00e8 il giorno di Lautaro e faccio di tutto per fargli fare gol. L&#8217;obiettivo \u00e8 vincere&#8221;.<br \/>&#8220;Credo sia sempre stato destino giocare per l&#8217;Inter &#8211; prosegue Lukaku &#8211; cos\u00ec com&#8217;era destino andare all&#8217;Anderlecht quando ero piccolo e poi al Chelsea. Questo \u00e8 quello che immaginavo. L&#8217;Inter insieme all&#8217;Anderlecht e all&#8217;Everton \u00e8 la squadra che mi ha dato l&#8217;opportunit\u00e0 di diventare il giocatore che sono oggi. E&#8217; giusto da parte mia fare tutto per questo club. Devo ringraziare i tifosi per l&#8217;amore nei miei confronti e della mia famiglia e chiedere scusa per come ci siamo lasciati. Alla fine devo parlare in campo e sperare che con le mie prestazioni l&#8217;amore torni come prima&#8221;.<br \/>&#8211; foto Image &#8211;<br \/>(ITALPRESS).<\/div>\n<div id=\"div-gpt-ad-Messinaoggi.it-DSK-300x250-corpoart\" style=\"text-align:center;margin:0 auto;\"><\/div><\/p><div id=\"videoincontent\" style=\"clear:both\";><\/div>","protected":false},"excerpt":{"rendered":"<p>ROMA (ITALPRESS) &#8211; &#8220;Tutti i giocatori hanno fatto una crescita importante. Brozovic \u00e8 diventato pi\u00f9 leader e pi\u00f9 aperto nella comunicazione: lui non parla tanto, si lamenta molto, ma mi piace. Barella \u00e8 ancora pi\u00f9 protagonista a centrocampo, ha fatto tanti assist l&#8217;anno scorso e penso che aver vinto tutti questi trofei con l&#8217;Italia e [&hellip;]<\/p>\n","protected":false},"author":18,"featured_media":117463,"comment_status":"closed","ping_status":"closed","sticky":false,"template":"","format":"standard","meta":{"ub_ctt_via":"","_mi_skip_tracking":false},"categories":[10,446,9],"tags":[783],"featured_image_src":"https:\/\/www.messinaoggi.it\/website\/wp-content\/uploads\/2022\/08\/20220810_0210.jpg","author_info":{"display_name":"Admin","author_link":"https:\/\/www.messinaoggi.it\/website\/author\/admin\/"},"digistream_id":0,"digistream":false,"_links":{"self":[{"href":"https:\/\/www.messinaoggi.it\/website\/wp-json\/wp\/v2\/posts\/117462"}],"collection":[{"href":"https:\/\/www.messinaoggi.it\/website\/wp-json\/wp\/v2\/posts"}],"about":[{"href":"https:\/\/www.messinaoggi.it\/website\/wp-json\/wp\/v2\/types\/post"}],"author":[{"embeddable":true,"href":"https:\/\/www.messinaoggi.it\/website\/wp-json\/wp\/v2\/users\/18"}],"replies":[{"embeddable":true,"href":"https:\/\/www.messinaoggi.it\/website\/wp-json\/wp\/v2\/comments?post=117462"}],"version-history":[{"count":1,"href":"https:\/\/www.messinaoggi.it\/website\/wp-json\/wp\/v2\/posts\/117462\/revisions"}],"predecessor-version":[{"id":117492,"href":"https:\/\/www.messinaoggi.it\/website\/wp-json\/wp\/v2\/posts\/117462\/revisions\/117492"}],"wp:featuredmedia":[{"embeddable":true,"href":"https:\/\/www.messinaoggi.it\/website\/wp-json\/wp\/v2\/media\/117463"}],"wp:attachment":[{"href":"https:\/\/www.messinaoggi.it\/website\/wp-json\/wp\/v2\/media?parent=117462"}],"wp:term":[{"taxonomy":"category","embeddable":true,"href":"https:\/\/www.messinaoggi.it\/website\/wp-json\/wp\/v2\/categories?post=117462"},{"taxonomy":"post_tag","embeddable":true,"href":"https:\/\/www.messinaoggi.it\/website\/wp-json\/wp\/v2\/tags?post=117462"}],"curies":[{"name":"wp","href":"https:\/\/api.w.org\/{rel}","templated":true}]}}